{"id":7812,"date":"2012-11-29T10:47:26","date_gmt":"2012-11-29T15:47:26","guid":{"rendered":"http:\/\/www.ambiente.gob.ec\/?p=7812"},"modified":"2012-11-29T10:47:26","modified_gmt":"2012-11-29T15:47:26","slug":"mae-imababura-informa-sobre-paramos-del-pantanal-a-comunidades","status":"publish","type":"post","link":"https:\/\/www.ambienteyenergia.gob.ec\/ambiente\/mae-imababura-informa-sobre-paramos-del-pantanal-a-comunidades\/","title":{"rendered":"MAE Imababura informa sobre p\u00e1ramos del Pantanal a comunidades"},"content":{"rendered":"<p style=\"text-align: left;\">El d\u00eda de ayer, 27 de noviembre, ind\u00edgenas de comunidades del sector de la Carboner\u00eda y Turubamba realizaron una marcha dirigida a las oficinas de la Direcci\u00f3n Provincial del Ambiente de Imbabura con motivo de realizar reclamos contra la autoridad ambiental con respecto a la situaci\u00f3n presentada en los p\u00e1ramos del Pantanal.<\/p>\n<p>Dirigentes ind\u00edgenas reclaman que existe en el sector pastoreo y una disminuci\u00f3n de los caudales de agua por la no protecci\u00f3n de las fuentes, lo cual est\u00e1\u00a0 afectando a varias comunidades del sector.<\/p>\n<p>Segundo Fuentes, Director Provincial del Ambiente de Imbabura aclaro que la propiedad es privada y que cuenta con un Plan de Manejo Integral, el mismo que es monitoriado y evaluado por t\u00e9cnicos de la cartera de Estado. Adem\u00e1s se\u00f1al\u00f3 que existe mucha desinformaci\u00f3n por parte de las comunidades ya que en el sector se han realizado plantaciones protectivas y existen zonas ingresadas a Socio Bosque, proyectos emblem\u00e1ticos del Estado ya que constituyen un incentivo para las comunidades para la protecci\u00f3n del ambiente. Adem\u00e1s el d\u00eda 19 de noviembre el mismo director con las comunidades inspeccionaron el lugar en menci\u00f3n.<\/p>\n<p>Segundo Fuentes, dej\u00f3 claro que como autoridad ambiental siempre se ha trabajado de acuerdo a las leyes y normas ambientales vigentes, cumpliendo lo estipulado en la Constituci\u00f3n de la Rep\u00fablica, como lo de la Ley Forestal y de Conservaci\u00f3n de \u00c1reas Naturales y Vida Silvestre, como lo estipulado en el Texto Unificado de Legislaci\u00f3n Secundaria del Ministerio del Ambiente.<\/p>\n<p style=\"text-align: left;\"><strong>La foto<\/strong>:<\/p>\n<p style=\"text-align: left;\"><a href=\"http:\/\/www.ambienteyenergia.gob.ec\/ambiente\/wp-content\/uploads\/2012\/11\/imba1.jpg\"><img loading=\"lazy\" decoding=\"async\" class=\"aligncenter size-full wp-image-7814\" title=\" Direcci\u00f3n Provincial del Ambiente de Imbabura aclara situaci\u00f3n de los p\u00e1ramos del Pantanal a comunidades\" src=\"http:\/\/www.ambienteyenergia.gob.ec\/ambiente\/wp-content\/uploads\/2012\/11\/imba1.jpg\" alt=\"\" width=\"650\" height=\"300\" srcset=\"https:\/\/www.ambienteyenergia.gob.ec\/ambiente\/wp-content\/uploads\/sites\/2\/2012\/11\/imba1.jpg 650w, https:\/\/www.ambienteyenergia.gob.ec\/ambiente\/wp-content\/uploads\/sites\/2\/2012\/11\/imba1-300x138.jpg 300w, https:\/\/www.ambienteyenergia.gob.ec\/ambiente\/wp-content\/uploads\/sites\/2\/2012\/11\/imba1-500x230.jpg 500w\" sizes=\"auto, (max-width: 650px) 100vw, 650px\" \/><\/a><\/p>\n","protected":false},"excerpt":{"rendered":"<p class=\"excerpt\">El d\u00eda de ayer, 27 de noviembre, ind\u00edgenas de comunidades del sector de la Carboner\u00eda y Turubamba realizaron una marcha dirigida a las oficinas de la Direcci\u00f3n Provincial del Ambiente de Imbabura con motivo de realizar reclamos contra la autoridad ambiental con respecto a la situaci\u00f3n presentada en los p\u00e1ramos del Pantanal. Dirigentes ind\u00edgenas reclaman que existe en el sector&hellip; <a href=\"https:\/\/www.ambienteyenergia.gob.ec\/ambiente\/mae-imababura-informa-sobre-paramos-del-pantanal-a-comunidades\/\">Read more &rarr;<\/a><\/p>\n","protected":false},"author":13,"featured_media":7813,"comment_status":"open","ping_status":"open","sticky":false,"template":"","format":"standard","meta":{"footnotes":""},"categories":[16,4],"tags":[],"class_list":["post-7812","post","type-post","status-publish","format-standard","has-post-thumbnail","hentry","category-comunicamos","category-noticias","xfolkentry"],"_links":{"self":[{"href":"https:\/\/www.ambienteyenergia.gob.ec\/ambiente\/wp-json\/wp\/v2\/posts\/7812","targetHints":{"allow":["GET"]}}],"collection":[{"href":"https:\/\/www.ambienteyenergia.gob.ec\/ambiente\/wp-json\/wp\/v2\/posts"}],"about":[{"href":"https:\/\/www.ambienteyenergia.gob.ec\/ambiente\/wp-json\/wp\/v2\/types\/post"}],"author":[{"embeddable":true,"href":"https:\/\/www.ambienteyenergia.gob.ec\/ambiente\/wp-json\/wp\/v2\/users\/13"}],"replies":[{"embeddable":true,"href":"https:\/\/www.ambienteyenergia.gob.ec\/ambiente\/wp-json\/wp\/v2\/comments?post=7812"}],"version-history":[{"count":0,"href":"https:\/\/www.ambienteyenergia.gob.ec\/ambiente\/wp-json\/wp\/v2\/posts\/7812\/revisions"}],"wp:featuredmedia":[{"embeddable":true,"href":"https:\/\/www.ambienteyenergia.gob.ec\/ambiente\/wp-json\/wp\/v2\/media\/7813"}],"wp:attachment":[{"href":"https:\/\/www.ambienteyenergia.gob.ec\/ambiente\/wp-json\/wp\/v2\/media?parent=7812"}],"wp:term":[{"taxonomy":"category","embeddable":true,"href":"https:\/\/www.ambienteyenergia.gob.ec\/ambiente\/wp-json\/wp\/v2\/categories?post=7812"},{"taxonomy":"post_tag","embeddable":true,"href":"https:\/\/www.ambienteyenergia.gob.ec\/ambiente\/wp-json\/wp\/v2\/tags?post=7812"}],"curies":[{"name":"wp","href":"https:\/\/api.w.org\/{rel}","templated":true}]}}