{"id":7763,"date":"2012-11-29T00:05:31","date_gmt":"2012-11-29T05:05:31","guid":{"rendered":"http:\/\/www.ambiente.gob.ec\/?p=7763"},"modified":"2012-11-29T08:45:46","modified_gmt":"2012-11-29T13:45:46","slug":"colegios-de-guayaquil-dieron-inicio-a-la-intervencion-general-del-estero-las-ranas","status":"publish","type":"post","link":"https:\/\/www.ambienteyenergia.gob.ec\/ambiente\/colegios-de-guayaquil-dieron-inicio-a-la-intervencion-general-del-estero-las-ranas\/","title":{"rendered":"Colegios de Guayaquil dieron inicio a la intervenci\u00f3n general del Estero las Ranas"},"content":{"rendered":"<p style=\"text-align: left;\">El Ministerio del Ambiente a trav\u00e9s de su proyecto Guayaquil Ecol\u00f3gico realiz\u00f3 una limpieza de desechos s\u00f3lidos en el Estero Las Ranas, donde participaron 674 estudiantes de varios Centros educativos de Guayaquil como: Domingo Com\u00edn, Mar\u00eda Goretti, Provincia de Carchi, Calicuchima, Francisco de Orellana, Joaqu\u00edn Gallegos Lara y Assad Bucaram.<\/p>\n<p style=\"text-align: left;\">Esta actividad es parte de la intervenci\u00f3n integral-Zonal en el estero las Ranas la misma que contempla: Instalaci\u00f3n y operaci\u00f3n de una estaci\u00f3n Superoxigenaci\u00f3n en el estero, Campa\u00f1a de educaci\u00f3n ambiental, instalaci\u00f3n de una malla en el estero para el bloqueo de ingreso de desechos, restauraci\u00f3n de la ribera con Maquinaria pesada y reforestaci\u00f3n de manglar.<\/p>\n<p style=\"text-align: left;\">El Subsecretario de Gesti\u00f3n Marina y Costera Nelson Zambrano realiz\u00f3 la apertura de la limpieza, quien agradeci\u00f3 a la presencia y participaci\u00f3n de los Colegios, \u00a8Un Estero Salado limpio es lo que busca el Proyecto Guayaquil Ecol\u00f3gico y es responsabilidad conjunta con la comunidad, por lo que pedimos a los vecinos que se unan a esta jornada la ma\u00f1ana de hoy\u00a8 manifest\u00f3.<\/p>\n<p style=\"text-align: left;\">Para la limpieza se equip\u00f3 a los estudiantes con mascarillas, guantes, camisetas, gorras y los implementos que se entregaron para la recolecci\u00f3n de desechos fueron sacos y palos recogedores.<\/p>\n<p style=\"text-align: left;\">El trabajo en equipo resalt\u00f3 cuando los estudiantes recog\u00edan los desechos pesados en grupos, y tra\u00edan sacos llenos, los mismos que tambi\u00e9n pesaron con la ayuda de los t\u00e9cnicos del Proyecto y la Cooperativa de recicladores \u00a8Progresar Reciclando\u00a8, creada por el Ministerio del Ambiente en coordinaci\u00f3n con el Ministerio de Inclusi\u00f3n Econ\u00f3mica y Social.<\/p>\n<p style=\"text-align: left;\">Se recogi\u00f3 10.150 libras de desechos s\u00f3lidos, entre las cuales constaban pl\u00e1sticos, botellas, materia org\u00e1nica, y animales muertos. Esta acci\u00f3n contribuye a disminuir la contaminaci\u00f3n ambiental ocasionada por la mala disposici\u00f3n de los desechos.<\/p>\n<p>&nbsp;<\/p>\n","protected":false},"excerpt":{"rendered":"<p class=\"excerpt\">El Ministerio del Ambiente a trav\u00e9s de su proyecto Guayaquil Ecol\u00f3gico realiz\u00f3 una limpieza de desechos s\u00f3lidos en el Estero Las Ranas, donde participaron 674 estudiantes de varios Centros educativos de Guayaquil como: Domingo Com\u00edn, Mar\u00eda Goretti, Provincia de Carchi, Calicuchima, Francisco de Orellana, Joaqu\u00edn Gallegos Lara y Assad Bucaram. Esta actividad es parte de la intervenci\u00f3n integral-Zonal en el&hellip; <a href=\"https:\/\/www.ambienteyenergia.gob.ec\/ambiente\/colegios-de-guayaquil-dieron-inicio-a-la-intervencion-general-del-estero-las-ranas\/\">Read more &rarr;<\/a><\/p>\n","protected":false},"author":13,"featured_media":7764,"comment_status":"open","ping_status":"open","sticky":false,"template":"","format":"standard","meta":{"footnotes":""},"categories":[16,4],"tags":[],"class_list":["post-7763","post","type-post","status-publish","format-standard","has-post-thumbnail","hentry","category-comunicamos","category-noticias","xfolkentry"],"_links":{"self":[{"href":"https:\/\/www.ambienteyenergia.gob.ec\/ambiente\/wp-json\/wp\/v2\/posts\/7763","targetHints":{"allow":["GET"]}}],"collection":[{"href":"https:\/\/www.ambienteyenergia.gob.ec\/ambiente\/wp-json\/wp\/v2\/posts"}],"about":[{"href":"https:\/\/www.ambienteyenergia.gob.ec\/ambiente\/wp-json\/wp\/v2\/types\/post"}],"author":[{"embeddable":true,"href":"https:\/\/www.ambienteyenergia.gob.ec\/ambiente\/wp-json\/wp\/v2\/users\/13"}],"replies":[{"embeddable":true,"href":"https:\/\/www.ambienteyenergia.gob.ec\/ambiente\/wp-json\/wp\/v2\/comments?post=7763"}],"version-history":[{"count":0,"href":"https:\/\/www.ambienteyenergia.gob.ec\/ambiente\/wp-json\/wp\/v2\/posts\/7763\/revisions"}],"wp:featuredmedia":[{"embeddable":true,"href":"https:\/\/www.ambienteyenergia.gob.ec\/ambiente\/wp-json\/wp\/v2\/media\/7764"}],"wp:attachment":[{"href":"https:\/\/www.ambienteyenergia.gob.ec\/ambiente\/wp-json\/wp\/v2\/media?parent=7763"}],"wp:term":[{"taxonomy":"category","embeddable":true,"href":"https:\/\/www.ambienteyenergia.gob.ec\/ambiente\/wp-json\/wp\/v2\/categories?post=7763"},{"taxonomy":"post_tag","embeddable":true,"href":"https:\/\/www.ambienteyenergia.gob.ec\/ambiente\/wp-json\/wp\/v2\/tags?post=7763"}],"curies":[{"name":"wp","href":"https:\/\/api.w.org\/{rel}","templated":true}]}}