{"id":7744,"date":"2012-11-27T15:06:18","date_gmt":"2012-11-27T20:06:18","guid":{"rendered":"http:\/\/www.ambiente.gob.ec\/?p=7744"},"modified":"2012-11-27T15:06:18","modified_gmt":"2012-11-27T20:06:18","slug":"empresas-registraran-sustancias-contaminanates-con-sistema-informatico","status":"publish","type":"post","link":"https:\/\/www.ambienteyenergia.gob.ec\/ambiente\/empresas-registraran-sustancias-contaminanates-con-sistema-informatico\/","title":{"rendered":"Empresas registrar\u00e1n sustancias contaminanates con sistema inform\u00e1tico"},"content":{"rendered":"<p>&nbsp;<\/p>\n<p style=\"text-align: left;\" align=\"JUSTIFY\">Hoy (martes) se realiz\u00f3 el lanzamiento del Registro de Emisiones y Transferencia de Contaminantes (RETCE), sistema inform\u00e1tico para empresas que fija la informaci\u00f3n de emisiones y trasnferencia de sustancias contamimantes generadas durante procesos de producci\u00f3n.<\/p>\n<p style=\"text-align: left;\" align=\"JUSTIFY\">El evento, realizado en el Hotel Mercury de Quito, cont\u00f3 con la participaci\u00f3n de firmas como Pasteurizadora Quito, Confiteca, Nestl\u00e9, entre otras, que iniciar\u00e1n el uso del sistema que ser\u00e1 requisito para obtener y conservar la licencia ambiental.<\/p>\n<p style=\"text-align: left;\" align=\"JUSTIFY\">El Gobierno, la sociedad y las empresas son los principales acotres del RETCE. Estos contrar\u00e1n con informaci\u00f3n y reportes en multimedios de datos de los contaminantes emitidos al aire, agua y suelos por las industrias. Adem\u00e1s, de la posibilidad de realizar un seguimiento al desempe\u00f1o ambiental de los establecimientos.<\/p>\n<p style=\"text-align: left;\" align=\"JUSTIFY\">El RETCE es un componente del Sistema \u00danico de Informaci\u00f3n Ambiental (SUIA), sistema que integra la informaci\u00f3n referente al campo ambiental.<\/p>\n<p style=\"text-align: left;\" align=\"JUSTIFY\">En la actualidad, en el campo internacional existen distintos pa\u00edses que han adecuado sus instrumentos de legislaci\u00f3n ambiental para incluir un registro de emisiones y transferencias contaminantes, entre ellos se encuentran Estados Unidos de Am\u00e9rica, Canad\u00e1 o Reino Unido.<\/p>\n<p style=\"text-align: left;\" align=\"JUSTIFY\">En el caso del Ecuador es un proceso que inici\u00f3 bajo la gesti\u00f3n de Marcela Agui\u00f1aga, ex Ministra del Ambiente (2007-2012). Se recibi\u00f3 asesor\u00eda y se dictaron talleres con expertos internacionales y hoy se ver\u00e1 plasmado en un sistema inform\u00e1tico que representa un instrumento de participaci\u00f3n ciudadana y acceso p\u00fablico a la informaci\u00f3n.<\/p>\n<p>&nbsp;<\/p>\n","protected":false},"excerpt":{"rendered":"<p class=\"excerpt\">&nbsp; Hoy (martes) se realiz\u00f3 el lanzamiento del Registro de Emisiones y Transferencia de Contaminantes (RETCE), sistema inform\u00e1tico para empresas que fija la informaci\u00f3n de emisiones y trasnferencia de sustancias contamimantes generadas durante procesos de producci\u00f3n. El evento, realizado en el Hotel Mercury de Quito, cont\u00f3 con la participaci\u00f3n de firmas como Pasteurizadora Quito, Confiteca, Nestl\u00e9, entre otras, que iniciar\u00e1n&hellip; <a href=\"https:\/\/www.ambienteyenergia.gob.ec\/ambiente\/empresas-registraran-sustancias-contaminanates-con-sistema-informatico\/\">Read more &rarr;<\/a><\/p>\n","protected":false},"author":13,"featured_media":7745,"comment_status":"open","ping_status":"open","sticky":false,"template":"","format":"standard","meta":{"footnotes":""},"categories":[16,4],"tags":[],"class_list":["post-7744","post","type-post","status-publish","format-standard","has-post-thumbnail","hentry","category-comunicamos","category-noticias","xfolkentry"],"_links":{"self":[{"href":"https:\/\/www.ambienteyenergia.gob.ec\/ambiente\/wp-json\/wp\/v2\/posts\/7744","targetHints":{"allow":["GET"]}}],"collection":[{"href":"https:\/\/www.ambienteyenergia.gob.ec\/ambiente\/wp-json\/wp\/v2\/posts"}],"about":[{"href":"https:\/\/www.ambienteyenergia.gob.ec\/ambiente\/wp-json\/wp\/v2\/types\/post"}],"author":[{"embeddable":true,"href":"https:\/\/www.ambienteyenergia.gob.ec\/ambiente\/wp-json\/wp\/v2\/users\/13"}],"replies":[{"embeddable":true,"href":"https:\/\/www.ambienteyenergia.gob.ec\/ambiente\/wp-json\/wp\/v2\/comments?post=7744"}],"version-history":[{"count":0,"href":"https:\/\/www.ambienteyenergia.gob.ec\/ambiente\/wp-json\/wp\/v2\/posts\/7744\/revisions"}],"wp:featuredmedia":[{"embeddable":true,"href":"https:\/\/www.ambienteyenergia.gob.ec\/ambiente\/wp-json\/wp\/v2\/media\/7745"}],"wp:attachment":[{"href":"https:\/\/www.ambienteyenergia.gob.ec\/ambiente\/wp-json\/wp\/v2\/media?parent=7744"}],"wp:term":[{"taxonomy":"category","embeddable":true,"href":"https:\/\/www.ambienteyenergia.gob.ec\/ambiente\/wp-json\/wp\/v2\/categories?post=7744"},{"taxonomy":"post_tag","embeddable":true,"href":"https:\/\/www.ambienteyenergia.gob.ec\/ambiente\/wp-json\/wp\/v2\/tags?post=7744"}],"curies":[{"name":"wp","href":"https:\/\/api.w.org\/{rel}","templated":true}]}}