{"id":47746,"date":"2025-08-19T17:08:48","date_gmt":"2025-08-19T22:08:48","guid":{"rendered":"https:\/\/www.ambiente.gob.ec\/?p=47746"},"modified":"2025-08-19T17:08:48","modified_gmt":"2025-08-19T22:08:48","slug":"ecuador-cuenta-con-el-primer-indicador-de-huella-hidrica-para-medir-el-uso-responsable-del-agua-en-el-sector-agricola","status":"publish","type":"post","link":"https:\/\/www.ambienteyenergia.gob.ec\/ambiente\/ecuador-cuenta-con-el-primer-indicador-de-huella-hidrica-para-medir-el-uso-responsable-del-agua-en-el-sector-agricola\/","title":{"rendered":"Ecuador cuenta con el primer indicador de huella h\u00eddrica para medir el uso responsable del agua en el sector agr\u00edcola"},"content":{"rendered":"<p style=\"text-align: right;\"><strong>Bolet\u00edn Nro. 036<\/strong><br \/>\n19 de agosto de 2025<\/p>\n<p>Con el objetivo de <strong>medir, gestionar y optimizar el uso del l\u00edquido vital en la producci\u00f3n agr\u00edcola,<\/strong> esta cartera de Estado present\u00f3 el <strong>primer indicador nacional de huella h\u00eddrica agr\u00edcola<\/strong><strong>,<\/strong> una herramienta clave que permitir\u00e1 conocer con precisi\u00f3n el volumen de agua utilizado en los procesos agroproductivos.<\/p>\n<p>Este instrumento diferencia entre agua de lluvia, superficial y subterr\u00e1nea, e identifica oportunidades para mejorar su aprovechamiento. Con ello, se busca reducir presiones sobre los ecosistemas, fomentar la eficiencia productiva y contribuir a la protecci\u00f3n del recurso vital.<\/p>\n<p>Actualmente, se aplica en <strong>siete cultivos permanentes y tres transitorios a escala nacional <\/strong>en producciones de: cacao, palma aceitera, banano, pl\u00e1tano, caf\u00e9, ca\u00f1a de az\u00facar industrial, pi\u00f1a, arroz, soya y ma\u00edz duro.<\/p>\n<p>La huella h\u00eddrica agr\u00edcola fortalece el cumplimiento de compromisos nacionales e internacionales en gesti\u00f3n h\u00eddrica, aline\u00e1ndose con la Agenda 2030 y el Objetivo de Desarrollo Sostenible n\u00famero 6 \u201cAgua limpia y saneamiento\u201d.<\/p>\n<p>Asimismo, se constituye en un referente t\u00e9cnico que facilitar\u00e1 la toma de decisiones en pol\u00edticas p\u00fablicas, la planificaci\u00f3n de inversiones en riego, conservaci\u00f3n de fuentes y adaptaci\u00f3n al cambio clim\u00e1tico.<\/p>\n<p>Con esta medida, Ecuador marca un precedente, avanzando hacia un modelo de producci\u00f3n m\u00e1s responsable, resiliente y sostenible, en articulaci\u00f3n con varios sectores comprometidos con la conservaci\u00f3n y aprovechamiento responsable del l\u00edquido vital.<\/p>\n<p><strong>Direcci\u00f3n de Comunicaci\u00f3n Social <\/strong><\/p>\n","protected":false},"excerpt":{"rendered":"<p class=\"excerpt\">Bolet\u00edn Nro. 036 19 de agosto de 2025 Con el objetivo de medir, gestionar y optimizar el uso del l\u00edquido vital en la producci\u00f3n agr\u00edcola, esta cartera de Estado present\u00f3 el primer indicador nacional de huella h\u00eddrica agr\u00edcola, una herramienta clave que permitir\u00e1 conocer con precisi\u00f3n el volumen de agua utilizado en los procesos agroproductivos. Este instrumento diferencia entre agua&hellip; <a href=\"https:\/\/www.ambienteyenergia.gob.ec\/ambiente\/ecuador-cuenta-con-el-primer-indicador-de-huella-hidrica-para-medir-el-uso-responsable-del-agua-en-el-sector-agricola\/\">Read more &rarr;<\/a><\/p>\n","protected":false},"author":8,"featured_media":47747,"comment_status":"closed","ping_status":"closed","sticky":false,"template":"","format":"standard","meta":{"footnotes":""},"categories":[1],"tags":[],"class_list":["post-47746","post","type-post","status-publish","format-standard","has-post-thumbnail","hentry","category-sin-categoria","xfolkentry"],"_links":{"self":[{"href":"https:\/\/www.ambienteyenergia.gob.ec\/ambiente\/wp-json\/wp\/v2\/posts\/47746","targetHints":{"allow":["GET"]}}],"collection":[{"href":"https:\/\/www.ambienteyenergia.gob.ec\/ambiente\/wp-json\/wp\/v2\/posts"}],"about":[{"href":"https:\/\/www.ambienteyenergia.gob.ec\/ambiente\/wp-json\/wp\/v2\/types\/post"}],"author":[{"embeddable":true,"href":"https:\/\/www.ambienteyenergia.gob.ec\/ambiente\/wp-json\/wp\/v2\/users\/8"}],"replies":[{"embeddable":true,"href":"https:\/\/www.ambienteyenergia.gob.ec\/ambiente\/wp-json\/wp\/v2\/comments?post=47746"}],"version-history":[{"count":1,"href":"https:\/\/www.ambienteyenergia.gob.ec\/ambiente\/wp-json\/wp\/v2\/posts\/47746\/revisions"}],"predecessor-version":[{"id":47748,"href":"https:\/\/www.ambienteyenergia.gob.ec\/ambiente\/wp-json\/wp\/v2\/posts\/47746\/revisions\/47748"}],"wp:featuredmedia":[{"embeddable":true,"href":"https:\/\/www.ambienteyenergia.gob.ec\/ambiente\/wp-json\/wp\/v2\/media\/47747"}],"wp:attachment":[{"href":"https:\/\/www.ambienteyenergia.gob.ec\/ambiente\/wp-json\/wp\/v2\/media?parent=47746"}],"wp:term":[{"taxonomy":"category","embeddable":true,"href":"https:\/\/www.ambienteyenergia.gob.ec\/ambiente\/wp-json\/wp\/v2\/categories?post=47746"},{"taxonomy":"post_tag","embeddable":true,"href":"https:\/\/www.ambienteyenergia.gob.ec\/ambiente\/wp-json\/wp\/v2\/tags?post=47746"}],"curies":[{"name":"wp","href":"https:\/\/api.w.org\/{rel}","templated":true}]}}