{"id":47594,"date":"2025-07-12T22:29:47","date_gmt":"2025-07-13T03:29:47","guid":{"rendered":"https:\/\/www.ambiente.gob.ec\/?p=47594"},"modified":"2025-07-12T22:29:47","modified_gmt":"2025-07-13T03:29:47","slug":"el-gobierno-nacional-entrega-agua-a-barrios-del-sur-de-quito-afectados-por-desabastecimiento","status":"publish","type":"post","link":"https:\/\/www.ambienteyenergia.gob.ec\/ambiente\/el-gobierno-nacional-entrega-agua-a-barrios-del-sur-de-quito-afectados-por-desabastecimiento\/","title":{"rendered":"El Gobierno Nacional entrega agua a barrios del sur de Quito afectados por desabastecimiento"},"content":{"rendered":"<p style=\"text-align: right;\"><strong>Bolet\u00edn Nro. 018<\/strong><\/p>\n<p style=\"text-align: right;\"><strong>Quito, D.M., 12 de julio de 2025<\/strong><\/p>\n<p>En una acci\u00f3n inmediata, el Gobierno Nacional, a trav\u00e9s del Ministerio del Ambiente, Agua y Transici\u00f3n Ecol\u00f3gica (MAATE), entreg\u00f3 m\u00e1s de 70.000 litros de agua potable a los barrios del sur de Quito que enfrentan desabastecimiento del recurso desde la noche del mi\u00e9rcoles 9 de julio de 2025.<\/p>\n<p>La ministra del Ambiente, Agua y Transici\u00f3n Ecol\u00f3gica, Mar\u00eda Luisa Cruz, lider\u00f3 esta intervenci\u00f3n urgente, visitando directamente los sectores de Bellavista Alta, La Breta\u00f1a, Bellavista del Sur y Turubamba de Monjas BEF, donde constat\u00f3 la cr\u00edtica situaci\u00f3n que afecta a m\u00e1s de 1.000 familias de estos barrios a donde no ha llegado el l\u00edquido vital por parte de la autoridad competente.<\/p>\n<p>Como parte de la respuesta, se entregaron:<\/p>\n<ul>\n<li>Cuatro tanqueros de agua potable<\/li>\n<li>Cuatro tanques de almacenamiento de 2.500 litros que permanecer\u00e1n de forma fija en puntos estrat\u00e9gicos de cada barrio.<\/li>\n<li>2.400 pastillas de cloraci\u00f3n, que permitir\u00e1n purificar aproximadamente 4.800 litros de agua, asegurando condiciones aptas para el consumo humano.<\/li>\n<\/ul>\n<p>La llegada de los tanqueros fue coordinada con el Ministerio de Energ\u00eda y Minas y la Secretar\u00eda Nacional de Gesti\u00f3n de Riesgos, y actualmente abastecen de agua a las familias del sur de Quito, con el compromiso de ampliar la dotaci\u00f3n a otros barrios afectados por el desabastecimiento.<\/p>\n<p>\u201cComo Autoridad \u00danica del Agua, nuestra prioridad es proteger el derecho de las personas a acceder al agua en condiciones de calidad y cantidad. No pod\u00edamos dejar de actuar ante la falta de atenci\u00f3n por parte del Municipio. El Gobierno Nacional est\u00e1 presente, escucha y responde\u201d, afirm\u00f3 la ministra Mar\u00eda Luisa Cruz.<\/p>\n<p>Adem\u00e1s, con el objetivo de verificar el estado actual del r\u00edo Mach\u00e1ngara, durante la jornada, la ministra Cruz lider\u00f3 la toma de muestras en el sector de Gu\u00e1pulo. Los resultados de este muestreo permitir\u00e1n determinar si el Municipio de Quito contin\u00faa incumpliendo las medidas de reparaci\u00f3n dispuestas en la sentencia del Tribunal de Garant\u00edas Penales de la parroquia de I\u00f1aquito, emitida el 21 de agosto de 2024, y si persiste la descarga de aguas residuales sin tratamiento al r\u00edo Mach\u00e1ngara, declarado sujeto de derechos en julio del mismo a\u00f1o.<\/p>\n<p>Esta intervenci\u00f3n se enmarca en el compromiso del Gobierno del Presidente Daniel Noboa Az\u00edn de garantizar el bienestar de las comunidades, especialmente ante emergencias que ponen en riesgo la salud, la dignidad y la seguridad de las familias ecuatorianas.<\/p>\n<p>El Ministerio del Ambiente, Agua y Transici\u00f3n Ecol\u00f3gica reitera que continuar\u00e1 trabajando por un pa\u00eds con acceso universal al agua, promoviendo soluciones oportunas, efectivas y con enfoque humano y ambiental.<\/p>\n<p><strong>Direcci\u00f3n de Comunicaci\u00f3n Social<\/strong><\/p>\n","protected":false},"excerpt":{"rendered":"<p class=\"excerpt\">Bolet\u00edn Nro. 018 Quito, D.M., 12 de julio de 2025 En una acci\u00f3n inmediata, el Gobierno Nacional, a trav\u00e9s del Ministerio del Ambiente, Agua y Transici\u00f3n Ecol\u00f3gica (MAATE), entreg\u00f3 m\u00e1s de 70.000 litros de agua potable a los barrios del sur de Quito que enfrentan desabastecimiento del recurso desde la noche del mi\u00e9rcoles 9 de julio de 2025. La ministra&hellip; <a href=\"https:\/\/www.ambienteyenergia.gob.ec\/ambiente\/el-gobierno-nacional-entrega-agua-a-barrios-del-sur-de-quito-afectados-por-desabastecimiento\/\">Read more &rarr;<\/a><\/p>\n","protected":false},"author":14,"featured_media":47595,"comment_status":"closed","ping_status":"closed","sticky":false,"template":"","format":"standard","meta":{"footnotes":""},"categories":[4,10],"tags":[],"class_list":["post-47594","post","type-post","status-publish","format-standard","has-post-thumbnail","hentry","category-noticias","category-noticias-destacadas","xfolkentry"],"_links":{"self":[{"href":"https:\/\/www.ambienteyenergia.gob.ec\/ambiente\/wp-json\/wp\/v2\/posts\/47594","targetHints":{"allow":["GET"]}}],"collection":[{"href":"https:\/\/www.ambienteyenergia.gob.ec\/ambiente\/wp-json\/wp\/v2\/posts"}],"about":[{"href":"https:\/\/www.ambienteyenergia.gob.ec\/ambiente\/wp-json\/wp\/v2\/types\/post"}],"author":[{"embeddable":true,"href":"https:\/\/www.ambienteyenergia.gob.ec\/ambiente\/wp-json\/wp\/v2\/users\/14"}],"replies":[{"embeddable":true,"href":"https:\/\/www.ambienteyenergia.gob.ec\/ambiente\/wp-json\/wp\/v2\/comments?post=47594"}],"version-history":[{"count":1,"href":"https:\/\/www.ambienteyenergia.gob.ec\/ambiente\/wp-json\/wp\/v2\/posts\/47594\/revisions"}],"predecessor-version":[{"id":47596,"href":"https:\/\/www.ambienteyenergia.gob.ec\/ambiente\/wp-json\/wp\/v2\/posts\/47594\/revisions\/47596"}],"wp:featuredmedia":[{"embeddable":true,"href":"https:\/\/www.ambienteyenergia.gob.ec\/ambiente\/wp-json\/wp\/v2\/media\/47595"}],"wp:attachment":[{"href":"https:\/\/www.ambienteyenergia.gob.ec\/ambiente\/wp-json\/wp\/v2\/media?parent=47594"}],"wp:term":[{"taxonomy":"category","embeddable":true,"href":"https:\/\/www.ambienteyenergia.gob.ec\/ambiente\/wp-json\/wp\/v2\/categories?post=47594"},{"taxonomy":"post_tag","embeddable":true,"href":"https:\/\/www.ambienteyenergia.gob.ec\/ambiente\/wp-json\/wp\/v2\/tags?post=47594"}],"curies":[{"name":"wp","href":"https:\/\/api.w.org\/{rel}","templated":true}]}}