{"id":47591,"date":"2025-07-11T12:54:33","date_gmt":"2025-07-11T17:54:33","guid":{"rendered":"https:\/\/www.ambiente.gob.ec\/?p=47591"},"modified":"2025-07-14T11:42:45","modified_gmt":"2025-07-14T16:42:45","slug":"el-maate-dispone-a-la-prefectura-del-guayas-la-suspension-temporal-de-proyecto-vial-en-guayaquil-para-evaluar-posibles-impactos-ambientales","status":"publish","type":"post","link":"https:\/\/www.ambienteyenergia.gob.ec\/ambiente\/el-maate-dispone-a-la-prefectura-del-guayas-la-suspension-temporal-de-proyecto-vial-en-guayaquil-para-evaluar-posibles-impactos-ambientales\/","title":{"rendered":"El MAATE dispone a la Prefectura del Guayas la suspensi\u00f3n temporal de proyecto vial en Guayaquil para evaluar posibles impactos ambientales"},"content":{"rendered":"<p style=\"text-align: right;\"><strong>Bolet\u00edn Nro. 0017<br \/>\n<\/strong><\/p>\n<p style=\"text-align: right;\"><strong>\u00a0Guayaquil, 10 de julio de 2025<\/strong><\/p>\n<p>En respuesta a denuncias ciudadanas ampliamente difundidas en redes sociales y medios de comunicaci\u00f3n, el Ministerio del Ambiente, Agua y Transici\u00f3n Ecol\u00f3gica (MAATE) dispuso la suspensi\u00f3n temporal de las actividades del proyecto \u201cPaso Elevado Vehicular en la intersecci\u00f3n de la Av. del Bombero con la Av. Leopoldo Carrera\u201d, en Guayaquil, con el objetivo de realizar una evaluaci\u00f3n t\u00e9cnica de su autorizaci\u00f3n ambiental.<\/p>\n<p>La medida fue dirigida al Gobierno Aut\u00f3nomo Descentralizado Provincial del Guayas, entidad que emiti\u00f3 la autorizaci\u00f3n administrativa ambiental (Registro Ambiental Nro. GADPG-SUIA-RA-2023-651) para dicho proyecto, y al que esta Cartera de Estado requiere ahora suspender temporalmente la ejecuci\u00f3n de obras hasta culminar la revisi\u00f3n correspondiente.<\/p>\n<p>Esta decisi\u00f3n se basa en el principio constitucional de precauci\u00f3n ambiental: cuando exista duda sobre posibles impactos ambientales, el Estado debe adoptar medidas preventivas eficaces y oportunas, incluso si no existe evidencia cient\u00edfica concluyente del da\u00f1o.<\/p>\n<p>La Subsecretar\u00eda de Calidad Ambiental del MAATE, a trav\u00e9s de su Direcci\u00f3n de Regularizaci\u00f3n Ambiental, ser\u00e1 la encargada de evaluar la autorizaci\u00f3n otorgada al proyecto, de conformidad con las conclusiones del informe t\u00e9cnico que sustenta esta decisi\u00f3n.<\/p>\n<p>Esta cartera de Estado reafirma su compromiso con la regulaci\u00f3n, control y acci\u00f3n frente a posibles afectaciones ambientales, atendiendo de forma inmediata las alertas ciudadanas y garantizando el respeto a los derechos de la naturaleza y de las comunidades. La protecci\u00f3n ambiental es un deber del Estado y una prioridad de esta gesti\u00f3n.<\/p>\n<p><strong>Direcci\u00f3n de Comunicaci\u00f3n Social<\/strong><\/p>\n","protected":false},"excerpt":{"rendered":"<p class=\"excerpt\">Bolet\u00edn Nro. 0017 \u00a0Guayaquil, 10 de julio de 2025 En respuesta a denuncias ciudadanas ampliamente difundidas en redes sociales y medios de comunicaci\u00f3n, el Ministerio del Ambiente, Agua y Transici\u00f3n Ecol\u00f3gica (MAATE) dispuso la suspensi\u00f3n temporal de las actividades del proyecto \u201cPaso Elevado Vehicular en la intersecci\u00f3n de la Av. del Bombero con la Av. Leopoldo Carrera\u201d, en Guayaquil, con&hellip; <a href=\"https:\/\/www.ambienteyenergia.gob.ec\/ambiente\/el-maate-dispone-a-la-prefectura-del-guayas-la-suspension-temporal-de-proyecto-vial-en-guayaquil-para-evaluar-posibles-impactos-ambientales\/\">Read more &rarr;<\/a><\/p>\n","protected":false},"author":14,"featured_media":0,"comment_status":"closed","ping_status":"closed","sticky":false,"template":"","format":"standard","meta":{"footnotes":""},"categories":[4],"tags":[],"class_list":["post-47591","post","type-post","status-publish","format-standard","hentry","category-noticias","xfolkentry"],"_links":{"self":[{"href":"https:\/\/www.ambienteyenergia.gob.ec\/ambiente\/wp-json\/wp\/v2\/posts\/47591","targetHints":{"allow":["GET"]}}],"collection":[{"href":"https:\/\/www.ambienteyenergia.gob.ec\/ambiente\/wp-json\/wp\/v2\/posts"}],"about":[{"href":"https:\/\/www.ambienteyenergia.gob.ec\/ambiente\/wp-json\/wp\/v2\/types\/post"}],"author":[{"embeddable":true,"href":"https:\/\/www.ambienteyenergia.gob.ec\/ambiente\/wp-json\/wp\/v2\/users\/14"}],"replies":[{"embeddable":true,"href":"https:\/\/www.ambienteyenergia.gob.ec\/ambiente\/wp-json\/wp\/v2\/comments?post=47591"}],"version-history":[{"count":2,"href":"https:\/\/www.ambienteyenergia.gob.ec\/ambiente\/wp-json\/wp\/v2\/posts\/47591\/revisions"}],"predecessor-version":[{"id":47593,"href":"https:\/\/www.ambienteyenergia.gob.ec\/ambiente\/wp-json\/wp\/v2\/posts\/47591\/revisions\/47593"}],"wp:attachment":[{"href":"https:\/\/www.ambienteyenergia.gob.ec\/ambiente\/wp-json\/wp\/v2\/media?parent=47591"}],"wp:term":[{"taxonomy":"category","embeddable":true,"href":"https:\/\/www.ambienteyenergia.gob.ec\/ambiente\/wp-json\/wp\/v2\/categories?post=47591"},{"taxonomy":"post_tag","embeddable":true,"href":"https:\/\/www.ambienteyenergia.gob.ec\/ambiente\/wp-json\/wp\/v2\/tags?post=47591"}],"curies":[{"name":"wp","href":"https:\/\/api.w.org\/{rel}","templated":true}]}}