{"id":47128,"date":"2025-03-17T13:42:48","date_gmt":"2025-03-17T18:42:48","guid":{"rendered":"https:\/\/www.ambiente.gob.ec\/?p=47128"},"modified":"2025-03-18T10:06:41","modified_gmt":"2025-03-18T15:06:41","slug":"en-esmeraldas-el-maate-gestiona-la-entrega-de-agua-segura-en-beneficio-de-las-familias-afectadas-por-derrame-de-crudo","status":"publish","type":"post","link":"https:\/\/www.ambienteyenergia.gob.ec\/ambiente\/en-esmeraldas-el-maate-gestiona-la-entrega-de-agua-segura-en-beneficio-de-las-familias-afectadas-por-derrame-de-crudo\/","title":{"rendered":"En Esmeraldas, el MAATE gestiona la entrega de agua segura en beneficio de las familias afectadas por derrame de crudo"},"content":{"rendered":"<p style=\"text-align: right;\"><strong>Bolet\u00edn Nro. 20<\/strong><br \/>\nQuito, D.M., 17 de marzo de 2025<br \/>\nEvento ambiental Esmeraldas &#8211; 02<\/p>\n<p>El Ministerio del Ambiente, Agua y Transici\u00f3n Ecol\u00f3gica (MAATE), fortalece la gesti\u00f3n del recurso h\u00eddrico en beneficio de las familias esmeralde\u00f1as afectadas por la emergencia ambiental, ocasionada por un derrame de crudo, debido a la rotura del Sistema de Oleoducto Transecuatoriano (SOTE), en el sector El Vergel, cant\u00f3n Quinind\u00e9, el pasado 13 de marzo.<\/p>\n<p>En ese sentido, a trav\u00e9s del viceministerio del Agua, se han impulsado las siguientes acciones:<\/p>\n<ul>\n<li>La viceministra del Agua, Mar\u00eda Luisa Cruz, mantuvo una reuni\u00f3n con Jaime Bucheli, presidente ejecutivo del Oleoducto de Crudos Pesados (OCP); Vicko Villac\u00eds, alcalde de Esmeraldas; Guilhermo Ferreira, viceministro de Hidrocarburos y Roberto Concha, gerente general (s) de la EP Petroecuador, donde se defini\u00f3 una hoja de ruta para minimizar los impactos respecto a la provisi\u00f3n de agua potable en los cantones: Esmeraldas, Tonsupa y R\u00edo Verde.<\/li>\n<li>Se dispuso al Gobierno Aut\u00f3nomo Descentralizado Municipal (GADM) de Esmeraldas, utilizar la reserva de 35 millones de litros de agua que se encontraban disponibles en la planta de tratamiento San Mateo, a fin de distribuirlos, conforme a un cronograma t\u00e9cnico, a trav\u00e9s de 50 tanqueros.<\/li>\n<li>En coordinaci\u00f3n con la Cruz Roja Ecuatoriana, se monitorearon cuatro puntos que podr\u00edan servir como fuentes alternas de captaci\u00f3n de agua, a fin de que sean potabilizadas, aportando as\u00ed a la dotaci\u00f3n de agua que se ejecuta a trav\u00e9s de tanqueros.<\/li>\n<li>Se han tomado ocho muestras de aguas profundas dentro de la estructura de captaci\u00f3n de la Planta de Tratamiento San Mateo, con el apoyo de buzos y con el respaldo de laboratorios acreditados, con el objetivo de analizar el reingreso de agua a la playa y el reinicio de la operaci\u00f3n de la planta de tratamiento.<\/li>\n<li>La distribuci\u00f3n de agua embotellada por parte de la EP Petroecuador ha sido supervisada, a fin de que se ejecute conforme a una planificaci\u00f3n t\u00e9cnica y en funci\u00f3n de las necesidades de las familias afectadas.<\/li>\n<li>Se levant\u00f3 una planificaci\u00f3n para identificar los lugares donde la entrega de agua debe ser priorizada, contemplando: hospitales, camales, mercados, guarder\u00edas, e instituciones de apoyo humanitario.<\/li>\n<\/ul>\n<p>Con estas acciones, el Gobierno Nacional, a trav\u00e9s del Ministerio del Ambiente, Agua y Transici\u00f3n Ecol\u00f3gica, reafirma su compromiso de gestionar, mediante acciones concretas, la entrega de agua segura en beneficio de los ciudadanos afectados por la emergencia ambiental en Esmeraldas.<\/p>\n<p><strong>Direcci\u00f3n de Comunicaci\u00f3n Social<\/strong><\/p>\n<p>&nbsp;<\/p>\n<p>&nbsp;<\/p>\n","protected":false},"excerpt":{"rendered":"<p class=\"excerpt\">Bolet\u00edn Nro. 20 Quito, D.M., 17 de marzo de 2025 Evento ambiental Esmeraldas &#8211; 02 El Ministerio del Ambiente, Agua y Transici\u00f3n Ecol\u00f3gica (MAATE), fortalece la gesti\u00f3n del recurso h\u00eddrico en beneficio de las familias esmeralde\u00f1as afectadas por la emergencia ambiental, ocasionada por un derrame de crudo, debido a la rotura del Sistema de Oleoducto Transecuatoriano (SOTE), en el sector&hellip; <a href=\"https:\/\/www.ambienteyenergia.gob.ec\/ambiente\/en-esmeraldas-el-maate-gestiona-la-entrega-de-agua-segura-en-beneficio-de-las-familias-afectadas-por-derrame-de-crudo\/\">Read more &rarr;<\/a><\/p>\n","protected":false},"author":8,"featured_media":47129,"comment_status":"closed","ping_status":"closed","sticky":false,"template":"","format":"standard","meta":{"footnotes":""},"categories":[4,10],"tags":[],"class_list":["post-47128","post","type-post","status-publish","format-standard","has-post-thumbnail","hentry","category-noticias","category-noticias-destacadas","xfolkentry"],"_links":{"self":[{"href":"https:\/\/www.ambienteyenergia.gob.ec\/ambiente\/wp-json\/wp\/v2\/posts\/47128","targetHints":{"allow":["GET"]}}],"collection":[{"href":"https:\/\/www.ambienteyenergia.gob.ec\/ambiente\/wp-json\/wp\/v2\/posts"}],"about":[{"href":"https:\/\/www.ambienteyenergia.gob.ec\/ambiente\/wp-json\/wp\/v2\/types\/post"}],"author":[{"embeddable":true,"href":"https:\/\/www.ambienteyenergia.gob.ec\/ambiente\/wp-json\/wp\/v2\/users\/8"}],"replies":[{"embeddable":true,"href":"https:\/\/www.ambienteyenergia.gob.ec\/ambiente\/wp-json\/wp\/v2\/comments?post=47128"}],"version-history":[{"count":3,"href":"https:\/\/www.ambienteyenergia.gob.ec\/ambiente\/wp-json\/wp\/v2\/posts\/47128\/revisions"}],"predecessor-version":[{"id":47133,"href":"https:\/\/www.ambienteyenergia.gob.ec\/ambiente\/wp-json\/wp\/v2\/posts\/47128\/revisions\/47133"}],"wp:featuredmedia":[{"embeddable":true,"href":"https:\/\/www.ambienteyenergia.gob.ec\/ambiente\/wp-json\/wp\/v2\/media\/47129"}],"wp:attachment":[{"href":"https:\/\/www.ambienteyenergia.gob.ec\/ambiente\/wp-json\/wp\/v2\/media?parent=47128"}],"wp:term":[{"taxonomy":"category","embeddable":true,"href":"https:\/\/www.ambienteyenergia.gob.ec\/ambiente\/wp-json\/wp\/v2\/categories?post=47128"},{"taxonomy":"post_tag","embeddable":true,"href":"https:\/\/www.ambienteyenergia.gob.ec\/ambiente\/wp-json\/wp\/v2\/tags?post=47128"}],"curies":[{"name":"wp","href":"https:\/\/api.w.org\/{rel}","templated":true}]}}