{"id":46507,"date":"2024-10-10T20:48:28","date_gmt":"2024-10-11T01:48:28","guid":{"rendered":"https:\/\/www.ambiente.gob.ec\/?p=46507"},"modified":"2024-10-14T14:36:03","modified_gmt":"2024-10-14T19:36:03","slug":"sentencian-a-tres-anos-de-prision-a-un-ciudadano-por-tenencia-ilegal-de-fauna-silvestre","status":"publish","type":"post","link":"https:\/\/www.ambienteyenergia.gob.ec\/ambiente\/sentencian-a-tres-anos-de-prision-a-un-ciudadano-por-tenencia-ilegal-de-fauna-silvestre\/","title":{"rendered":"Sentencian a tres a\u00f1os de prisi\u00f3n a un ciudadano por tenencia ilegal de fauna silvestre"},"content":{"rendered":"<p style=\"text-align: right;\"><strong>Bolet\u00edn Nro. 143<\/strong><\/p>\n<p style=\"text-align: right;\">Guayaquil, 10 de octubre de 2024<\/p>\n<h6><em>El art\u00edculo 247 del C\u00f3digo Org\u00e1nico Integral Penal (COIP) establece sanciones con pena privativa de libertad de uno a tres a\u00f1os para \u201cla persona que cace, pesque, capture, recolecte, extraiga, tenga, transporte, trafique, se beneficie, permute o comercialice, espec\u00edmenes o sus partes, sus elementos constitutivos, productos y derivados, de flora o fauna silvestre terrestre, marina o acu\u00e1tica, de especies amenazadas, en peligro de extinci\u00f3n y migratorias, listadas a nivel nacional por la Autoridad Ambiental Nacional\u2026\u201d<\/em><\/h6>\n<p>El ecuatoriano Jos\u00e9 E. B. M. fue condenado a tres a\u00f1os de prisi\u00f3n por el delito de tenencia y transporte ilegal de un mono aullador (Alouatta palliata). Adem\u00e1s, deber\u00e1 pagar una multa equivalente a 10 salarios b\u00e1sicos unificados, esto luego de ser sorprendido en delito flagrante, seg\u00fan la sentencia emitida por un juez de garant\u00edas penales.<\/p>\n<p>El 9 de julio de 2024, durante un operativo de control de vida silvestre, el ciudadano fue detenido por la Unidad de Protecci\u00f3n Ambiental (UPMA) de la Polic\u00eda Nacional del Ecuador, en posesi\u00f3n de un mono aullador. En la audiencia de juzgamiento, y en base a la informaci\u00f3n proporcionada por el Ministerio del Ambiente, Agua y Transici\u00f3n Ecol\u00f3gica (MAATE), se determin\u00f3 la responsabilidad del acusado en el delito contra la flora y fauna, conforme al art\u00edculo 247 del C\u00f3digo Org\u00e1nico Integral Penal (COIP).<\/p>\n<p>Esta sanci\u00f3n representa un avance en la aplicaci\u00f3n de la ley en defensa de la vida silvestre y es el resultado del esfuerzo conjunto entre el Ministerio del Ambiente, Agua y Transici\u00f3n Ecol\u00f3gica, la Unidad Nacional de Investigaci\u00f3n de Delitos Contra el Ambiente y la Naturaleza (UNIDCAM) de la Polic\u00eda Nacional del Ecuador y el Municipio de Guayaquil. El esp\u00e9cimen encontrado, fue trasladado a un centro de manejo y conservaci\u00f3n ex situ para recibir la atenci\u00f3n veterinaria necesaria.<\/p>\n<p>Seg\u00fan la lista roja de mam\u00edferos de Ecuador y en el Ap\u00e9ndice II de la Convenci\u00f3n sobre el Comercio Internacional de Especies Amenazadas de Fauna y Flora Silvestres (CITES), el mono aullador se encuentra en Peligro Cr\u00edtico. Por esta raz\u00f3n, hacemos un llamado a la ciudadan\u00eda para que denuncie este tipo de delitos al ECU 911 o a trav\u00e9s de las redes sociales de esta cartera de Estado.<\/p>\n<p>El Gobierno de El Nuevo Ecuador, a trav\u00e9s del MAATE, reafirma su compromiso en la lucha contra el tr\u00e1fico ilegal de vida silvestre, asimismo, con el apoyo de las instituciones p\u00fablicas y aliados estrat\u00e9gicos, continuar\u00e1 trabajando en la protecci\u00f3n y conservaci\u00f3n de nuestro patrimonio natural.<\/p>\n<p><strong>\u00a0<\/strong><strong>Direcci\u00f3n de Comunicaci\u00f3n Social<\/strong><\/p>\n","protected":false},"excerpt":{"rendered":"<p class=\"excerpt\">Bolet\u00edn Nro. 143 Guayaquil, 10 de octubre de 2024 El art\u00edculo 247 del C\u00f3digo Org\u00e1nico Integral Penal (COIP) establece sanciones con pena privativa de libertad de uno a tres a\u00f1os para \u201cla persona que cace, pesque, capture, recolecte, extraiga, tenga, transporte, trafique, se beneficie, permute o comercialice, espec\u00edmenes o sus partes, sus elementos constitutivos, productos y derivados, de flora o&hellip; <a href=\"https:\/\/www.ambienteyenergia.gob.ec\/ambiente\/sentencian-a-tres-anos-de-prision-a-un-ciudadano-por-tenencia-ilegal-de-fauna-silvestre\/\">Read more &rarr;<\/a><\/p>\n","protected":false},"author":14,"featured_media":46510,"comment_status":"closed","ping_status":"closed","sticky":false,"template":"","format":"standard","meta":{"footnotes":""},"categories":[4,10],"tags":[],"class_list":["post-46507","post","type-post","status-publish","format-standard","has-post-thumbnail","hentry","category-noticias","category-noticias-destacadas","xfolkentry"],"_links":{"self":[{"href":"https:\/\/www.ambienteyenergia.gob.ec\/ambiente\/wp-json\/wp\/v2\/posts\/46507","targetHints":{"allow":["GET"]}}],"collection":[{"href":"https:\/\/www.ambienteyenergia.gob.ec\/ambiente\/wp-json\/wp\/v2\/posts"}],"about":[{"href":"https:\/\/www.ambienteyenergia.gob.ec\/ambiente\/wp-json\/wp\/v2\/types\/post"}],"author":[{"embeddable":true,"href":"https:\/\/www.ambienteyenergia.gob.ec\/ambiente\/wp-json\/wp\/v2\/users\/14"}],"replies":[{"embeddable":true,"href":"https:\/\/www.ambienteyenergia.gob.ec\/ambiente\/wp-json\/wp\/v2\/comments?post=46507"}],"version-history":[{"count":2,"href":"https:\/\/www.ambienteyenergia.gob.ec\/ambiente\/wp-json\/wp\/v2\/posts\/46507\/revisions"}],"predecessor-version":[{"id":46511,"href":"https:\/\/www.ambienteyenergia.gob.ec\/ambiente\/wp-json\/wp\/v2\/posts\/46507\/revisions\/46511"}],"wp:featuredmedia":[{"embeddable":true,"href":"https:\/\/www.ambienteyenergia.gob.ec\/ambiente\/wp-json\/wp\/v2\/media\/46510"}],"wp:attachment":[{"href":"https:\/\/www.ambienteyenergia.gob.ec\/ambiente\/wp-json\/wp\/v2\/media?parent=46507"}],"wp:term":[{"taxonomy":"category","embeddable":true,"href":"https:\/\/www.ambienteyenergia.gob.ec\/ambiente\/wp-json\/wp\/v2\/categories?post=46507"},{"taxonomy":"post_tag","embeddable":true,"href":"https:\/\/www.ambienteyenergia.gob.ec\/ambiente\/wp-json\/wp\/v2\/tags?post=46507"}],"curies":[{"name":"wp","href":"https:\/\/api.w.org\/{rel}","templated":true}]}}