{"id":46337,"date":"2024-08-26T16:43:06","date_gmt":"2024-08-26T21:43:06","guid":{"rendered":"https:\/\/www.ambiente.gob.ec\/?p=46337"},"modified":"2024-08-26T16:43:06","modified_gmt":"2024-08-26T21:43:06","slug":"el-maate-lidero-una-jornada-de-limpieza-de-manglar-en-la-reserva-de-produccion-de-fauna-manglares-el-salado","status":"publish","type":"post","link":"https:\/\/www.ambienteyenergia.gob.ec\/ambiente\/el-maate-lidero-una-jornada-de-limpieza-de-manglar-en-la-reserva-de-produccion-de-fauna-manglares-el-salado\/","title":{"rendered":"El MAATE lider\u00f3 una jornada de limpieza de manglar en la Reserva de Producci\u00f3n de Fauna Manglares El Salado"},"content":{"rendered":"<p style=\"text-align: right;\"><strong>Bolet\u00edn Nro. 119<\/strong><br \/>\nGuayaquil, 26 de agosto de 2024<\/p>\n<h6><strong><em>El manglar es refugio de flora y fauna interdependiente; contribuye en la generaci\u00f3n del ciclo de nutrientes, alimento y salud del entorno natural. Desde el Ministerio del Ambiente, Agua y Transici\u00f3n Ecol\u00f3gica se promueven acciones prioritarias para su protecci\u00f3n.<\/em><\/strong><\/h6>\n<p>Con el prop\u00f3sito de mitigar los efectos por la contaminaci\u00f3n por residuos s\u00f3lidos, as\u00ed como restaurar el equilibrio en las zonas de mangle de Guayaquil, este 24 de agosto, la ministra del Ambiente, Agua y Transici\u00f3n Ecol\u00f3gica, Sade Fritschi, lider\u00f3 una minga de recolecci\u00f3n de desechos s\u00f3lidos en 700 metros lineales de la Reserva de Producci\u00f3n de Fauna Manglares El Salado.<\/p>\n<p>En su intervenci\u00f3n, la m\u00e1xima autoridad ambiental destac\u00f3 las cualidades naturales y productivas de los bosques de manglar, as\u00ed como resalt\u00f3 el compromiso del Gobierno Nacional para trabajar junto a los guardianes de mangle con la finalidad de preservar estas \u00e1reas estrat\u00e9gicas que contrarrestan los efectos del cambio clim\u00e1tico, <em>\u201cen nuestra gesti\u00f3n, hemos otorgado 24 nuevos Acuerdos de Uso Sostenible y Custodia del Ecosistema de Manglar, lo que permite proteger m\u00e1s de 44 mil hect\u00e1reas y beneficia a m\u00e1s de 1500 pescadores de las provincias de Guayas y Santa Elena. Con hechos, demostramos que el impulso a las comunidades es una realidad y que la conservaci\u00f3n es un veh\u00edculo de desarrollo social.\u201d, <\/em>afirm\u00f3.<\/p>\n<p>En la actividad, que cont\u00f3 con la participaci\u00f3n de m\u00e1s de 100 voluntarios de instituciones p\u00fablicas, sector privado e integrantes de la Federaci\u00f3n Nacional de Cooperativas Pesqueras del Ecuador (FENACOPEC), se recolectaron m\u00e1s de dos mil kilogramos de residuos s\u00f3lidos. Previamente, la ministra Fritschi, realiz\u00f3 la entrega de 2 mil sacos para las tareas de acopio de desechos, as\u00ed tambi\u00e9n, anunci\u00f3 la distribuci\u00f3n progresiva de estos implementos para la limpieza peri\u00f3dica de estos espacios.<\/p>\n<p>Con estas iniciativas, el Ministerio del Ambiente, Agua y Transici\u00f3n Ecol\u00f3gica consolida su trabajo en territorio. Asimismo, hace un llamado a la poblaci\u00f3n y autoridades locales para preservar estos ecosistemas fr\u00e1giles y de suma importancia para la protecci\u00f3n de las costas, desarrollo de la biodiversidad y fuente de sustento para las comunidades locales.<strong>\u00a0<\/strong><\/p>\n<p><strong>Direcci\u00f3n de Comunicaci\u00f3n<\/strong><\/p>\n","protected":false},"excerpt":{"rendered":"<p class=\"excerpt\">Bolet\u00edn Nro. 119 Guayaquil, 26 de agosto de 2024 El manglar es refugio de flora y fauna interdependiente; contribuye en la generaci\u00f3n del ciclo de nutrientes, alimento y salud del entorno natural. Desde el Ministerio del Ambiente, Agua y Transici\u00f3n Ecol\u00f3gica se promueven acciones prioritarias para su protecci\u00f3n. Con el prop\u00f3sito de mitigar los efectos por la contaminaci\u00f3n por residuos&hellip; <a href=\"https:\/\/www.ambienteyenergia.gob.ec\/ambiente\/el-maate-lidero-una-jornada-de-limpieza-de-manglar-en-la-reserva-de-produccion-de-fauna-manglares-el-salado\/\">Read more &rarr;<\/a><\/p>\n","protected":false},"author":8,"featured_media":46338,"comment_status":"closed","ping_status":"closed","sticky":false,"template":"","format":"standard","meta":{"footnotes":""},"categories":[4,10],"tags":[],"class_list":["post-46337","post","type-post","status-publish","format-standard","has-post-thumbnail","hentry","category-noticias","category-noticias-destacadas","xfolkentry"],"_links":{"self":[{"href":"https:\/\/www.ambienteyenergia.gob.ec\/ambiente\/wp-json\/wp\/v2\/posts\/46337","targetHints":{"allow":["GET"]}}],"collection":[{"href":"https:\/\/www.ambienteyenergia.gob.ec\/ambiente\/wp-json\/wp\/v2\/posts"}],"about":[{"href":"https:\/\/www.ambienteyenergia.gob.ec\/ambiente\/wp-json\/wp\/v2\/types\/post"}],"author":[{"embeddable":true,"href":"https:\/\/www.ambienteyenergia.gob.ec\/ambiente\/wp-json\/wp\/v2\/users\/8"}],"replies":[{"embeddable":true,"href":"https:\/\/www.ambienteyenergia.gob.ec\/ambiente\/wp-json\/wp\/v2\/comments?post=46337"}],"version-history":[{"count":1,"href":"https:\/\/www.ambienteyenergia.gob.ec\/ambiente\/wp-json\/wp\/v2\/posts\/46337\/revisions"}],"predecessor-version":[{"id":46339,"href":"https:\/\/www.ambienteyenergia.gob.ec\/ambiente\/wp-json\/wp\/v2\/posts\/46337\/revisions\/46339"}],"wp:featuredmedia":[{"embeddable":true,"href":"https:\/\/www.ambienteyenergia.gob.ec\/ambiente\/wp-json\/wp\/v2\/media\/46338"}],"wp:attachment":[{"href":"https:\/\/www.ambienteyenergia.gob.ec\/ambiente\/wp-json\/wp\/v2\/media?parent=46337"}],"wp:term":[{"taxonomy":"category","embeddable":true,"href":"https:\/\/www.ambienteyenergia.gob.ec\/ambiente\/wp-json\/wp\/v2\/categories?post=46337"},{"taxonomy":"post_tag","embeddable":true,"href":"https:\/\/www.ambienteyenergia.gob.ec\/ambiente\/wp-json\/wp\/v2\/tags?post=46337"}],"curies":[{"name":"wp","href":"https:\/\/api.w.org\/{rel}","templated":true}]}}