{"id":46135,"date":"2024-07-02T10:40:27","date_gmt":"2024-07-02T15:40:27","guid":{"rendered":"https:\/\/www.ambiente.gob.ec\/?p=46135"},"modified":"2024-07-02T10:46:30","modified_gmt":"2024-07-02T15:46:30","slug":"gobiernos-de-ecuador-y-alemania-suscriben-contrato-de-aporte-financiero-por-23-4-millones-de-euros-para-mitigar-la-deforestacion-de-bosques-en-el-pais","status":"publish","type":"post","link":"https:\/\/www.ambienteyenergia.gob.ec\/ambiente\/gobiernos-de-ecuador-y-alemania-suscriben-contrato-de-aporte-financiero-por-23-4-millones-de-euros-para-mitigar-la-deforestacion-de-bosques-en-el-pais\/","title":{"rendered":"Gobiernos de Ecuador y Alemania suscriben Contrato de Aporte Financiero por 23.4 millones de euros para mitigar la deforestaci\u00f3n de bosques en el pa\u00eds"},"content":{"rendered":"<p style=\"text-align: right;\"><strong>Quito, D.M., 01 de julio de 2024<\/strong><br \/>\nBolet\u00edn Nro. 088<\/p>\n<p>Gracias al mecanismo \u201cPago por Resultados REDD for Early Movers\u201d o Programa REM I, financiado por los gobiernos de Alemania y Noruega, Ecuador implement\u00f3 acciones para la conservaci\u00f3n de m\u00e1s de 70 mil hect\u00e1reas de bosques nativos, procesos de restauraci\u00f3n forestal, seguimiento a la deforestaci\u00f3n en territorio, fomento de iniciativas productivas sostenibles relacionadas con el manejo de los bosques, entre otros.<\/p>\n<p>Con el prop\u00f3sito de fortalecer los planes de reducci\u00f3n de emisiones de gases de efecto invernadero derivados de la deforestaci\u00f3n y degradaci\u00f3n de bosques en Ecuador, este lunes 01 de julio, la ministra \u00a0del Ambiente, Agua y Transici\u00f3n Ecol\u00f3gica (MAATE), Sade Fritschi, y el gerente Regional para Am\u00e9rica Latina del Banco de Desarrollo de Alemania (KfW), Felix Klauda, suscribieron el contrato de aporte financiero no reembolsable por 23.4 millones de euros para el Programa REDD for Early Movers (REM II y REM III).<\/p>\n<p>En su intervenci\u00f3n, la ministra Fritschi mencion\u00f3: \u201cLa l\u00ednea del gobierno del presidente Daniel Noboa est\u00e1 enfocada en resolver la calidad de vida de la familias ecuatorianas, garantizando la protecci\u00f3n de nuestro patrimonio natural. Es por ello que, con cada acci\u00f3n que promovemos, evidenciamos que la conservaci\u00f3n es un veh\u00edculo de desarrollo social, capaz de generar cambios positivos en los ciudadanos y su entorno\u201d.<\/p>\n<p>El programa REM, liderado por el MAATE, est\u00e1 compuesto de cuatro \u00e1reas de gesti\u00f3n:<\/p>\n<ul>\n<li>Conservaci\u00f3n y proyectos en territorio para liberar presi\u00f3n a los ecosistemas forestales.<\/li>\n<li>Sistemas productivos enfocados en bioemprendimientos y mejores pr\u00e1cticas agroproductivas.<\/li>\n<li>Gesti\u00f3n forestal que prioriza la restauraci\u00f3n, monitoreo y extensionismo de los ecosistemas.<\/li>\n<li>Gobernanza forestal, actualizaci\u00f3n de pol\u00edticas, mecanismos de control y normativa espec\u00edfica.<\/li>\n<\/ul>\n<p>Con una inversi\u00f3n de 8.4 millones de euros, REM II, tendr\u00e1 una duraci\u00f3n de dos a\u00f1os y arrancar\u00e1 el primer semestre de 2025. Mientras que el programa REM III, con un estimado de 15 millones de euros, ser\u00e1 ejecutado en el transcurso de tres a\u00f1os. Los recursos ser\u00e1n administrados por el Fondo de Inversi\u00f3n Ambiental Sostenible (FIAS) y ser\u00e1n canalizados mediante el esquema \u201cPago por Resultados\u201d para proyectos de conservaci\u00f3n, cuidado ambiental y sostenibilidad en las comunidades participantes.<\/p>\n<p>El Gobierno Nacional, a trav\u00e9s del MAATE, reconoce la confianza y respaldo de gobiernos aliados en el combate contra la deforestaci\u00f3n y la protecci\u00f3n de bosques nativos, manglares, p\u00e1ramos y otras \u00e1reas bi\u00f3ticas del Ecuador.<\/p>\n<p><strong>Direcci\u00f3n de Comunicaci\u00f3n<\/strong><\/p>\n","protected":false},"excerpt":{"rendered":"<p class=\"excerpt\">Quito, D.M., 01 de julio de 2024 Bolet\u00edn Nro. 088 Gracias al mecanismo \u201cPago por Resultados REDD for Early Movers\u201d o Programa REM I, financiado por los gobiernos de Alemania y Noruega, Ecuador implement\u00f3 acciones para la conservaci\u00f3n de m\u00e1s de 70 mil hect\u00e1reas de bosques nativos, procesos de restauraci\u00f3n forestal, seguimiento a la deforestaci\u00f3n en territorio, fomento de iniciativas&hellip; <a href=\"https:\/\/www.ambienteyenergia.gob.ec\/ambiente\/gobiernos-de-ecuador-y-alemania-suscriben-contrato-de-aporte-financiero-por-23-4-millones-de-euros-para-mitigar-la-deforestacion-de-bosques-en-el-pais\/\">Read more &rarr;<\/a><\/p>\n","protected":false},"author":8,"featured_media":46137,"comment_status":"closed","ping_status":"closed","sticky":false,"template":"","format":"standard","meta":{"footnotes":""},"categories":[4,10],"tags":[],"class_list":["post-46135","post","type-post","status-publish","format-standard","has-post-thumbnail","hentry","category-noticias","category-noticias-destacadas","xfolkentry"],"_links":{"self":[{"href":"https:\/\/www.ambienteyenergia.gob.ec\/ambiente\/wp-json\/wp\/v2\/posts\/46135","targetHints":{"allow":["GET"]}}],"collection":[{"href":"https:\/\/www.ambienteyenergia.gob.ec\/ambiente\/wp-json\/wp\/v2\/posts"}],"about":[{"href":"https:\/\/www.ambienteyenergia.gob.ec\/ambiente\/wp-json\/wp\/v2\/types\/post"}],"author":[{"embeddable":true,"href":"https:\/\/www.ambienteyenergia.gob.ec\/ambiente\/wp-json\/wp\/v2\/users\/8"}],"replies":[{"embeddable":true,"href":"https:\/\/www.ambienteyenergia.gob.ec\/ambiente\/wp-json\/wp\/v2\/comments?post=46135"}],"version-history":[{"count":1,"href":"https:\/\/www.ambienteyenergia.gob.ec\/ambiente\/wp-json\/wp\/v2\/posts\/46135\/revisions"}],"predecessor-version":[{"id":46136,"href":"https:\/\/www.ambienteyenergia.gob.ec\/ambiente\/wp-json\/wp\/v2\/posts\/46135\/revisions\/46136"}],"wp:featuredmedia":[{"embeddable":true,"href":"https:\/\/www.ambienteyenergia.gob.ec\/ambiente\/wp-json\/wp\/v2\/media\/46137"}],"wp:attachment":[{"href":"https:\/\/www.ambienteyenergia.gob.ec\/ambiente\/wp-json\/wp\/v2\/media?parent=46135"}],"wp:term":[{"taxonomy":"category","embeddable":true,"href":"https:\/\/www.ambienteyenergia.gob.ec\/ambiente\/wp-json\/wp\/v2\/categories?post=46135"},{"taxonomy":"post_tag","embeddable":true,"href":"https:\/\/www.ambienteyenergia.gob.ec\/ambiente\/wp-json\/wp\/v2\/tags?post=46135"}],"curies":[{"name":"wp","href":"https:\/\/api.w.org\/{rel}","templated":true}]}}