{"id":46076,"date":"2024-06-10T16:09:52","date_gmt":"2024-06-10T21:09:52","guid":{"rendered":"https:\/\/www.ambiente.gob.ec\/?p=46076"},"modified":"2024-06-10T16:09:52","modified_gmt":"2024-06-10T21:09:52","slug":"ecuador-presento-la-hoja-de-ruta-para-reducir-impactos-por-la-contaminacion-de-plasticos","status":"publish","type":"post","link":"https:\/\/www.ambienteyenergia.gob.ec\/ambiente\/ecuador-presento-la-hoja-de-ruta-para-reducir-impactos-por-la-contaminacion-de-plasticos\/","title":{"rendered":"Ecuador present\u00f3 la hoja de ruta para reducir impactos por la contaminaci\u00f3n de pl\u00e1sticos"},"content":{"rendered":"<p style=\"text-align: right;\"><strong>Quito, D.M., 10 de junio de 2024<\/strong><br \/>\nBolet\u00edn Nro. 078<\/p>\n<h6><em><strong>En 2022, en Ecuador se generaron m\u00e1s de 627 mil toneladas de residuos pl\u00e1sticos, de las cuales, solo un 7.7% se reciclaron. Derivado de esta alerta, en enero de 2023, el pa\u00eds se suscribi\u00f3 al Global Plastic Action Partnership, logr\u00e1ndose en abril, el lanzamiento del proyecto y, para octubre del mismo a\u00f1o, la socializaci\u00f3n de la l\u00ednea base.<\/strong><\/em><\/h6>\n<p>Con el objetivo de ratificar el compromiso de Ecuador con la aplicaci\u00f3n de pol\u00edticas para la transici\u00f3n ecol\u00f3gica, enfocada en la reducci\u00f3n de la contaminaci\u00f3n pl\u00e1stica, este 10 de junio, en Quito, el viceministro del Ambiente, Edgar Heredia, junto a la canciller de la Rep\u00fablica, Gabriela Sommerfeld; la ministra de Producci\u00f3n, Comercio Exterior, Inversiones y Pesca, Sonsoles Garc\u00eda; la directora de Global Plastic Action Partnership, Clemence Schmid y el director de WWF Ecuador, Tarsicio Granizo, presentaron la Hoja de Ruta para la Acci\u00f3n por los Pl\u00e1sticos.<\/p>\n<p>Gracias a esta iniciativa, Ecuador proyecta una disminuci\u00f3n del 60% de contaminaci\u00f3n por pl\u00e1sticos y una circularidad del 45% con miras a 2040. Para ello, es imprescindible trabajar en pol\u00edticas de econom\u00eda circular, mejora en la recolecci\u00f3n, reciclaje dom\u00e9stico y levantamiento de informaci\u00f3n basado en cinco ejes:<\/p>\n<ol>\n<li>Adoptar una perspectiva preventiva para disminuir la generaci\u00f3n de residuos pl\u00e1sticos, priorizando esfuerzos en eliminaci\u00f3n y reutilizaci\u00f3n.<\/li>\n<li>Incentivar la innovaci\u00f3n para migrar a sustitutos no pl\u00e1sticos y pl\u00e1sticos alternativos que no generen impactos ambientales, sociales y de salud negativos.<\/li>\n<li>Incrementar la cobertura de recolecci\u00f3n y crear sitios de disposici\u00f3n adecuada para los residuos, como medida en el corto plazo para reducir la contaminaci\u00f3n pl\u00e1stica en Ecuador.<\/li>\n<li>Estimular el reciclaje con un enfoque inclusivo y garantizando condiciones justas para los trabajadores, a trav\u00e9s del redise\u00f1o e implementaci\u00f3n de mejores sistemas.<\/li>\n<li>Mejorar la recopilaci\u00f3n y gesti\u00f3n de datos para alinear esfuerzos estrat\u00e9gicos entre agencias gubernamentales, sector privado y sociedad civil.<\/li>\n<\/ol>\n<p>Durante su intervenci\u00f3n, el viceministro Heredia indic\u00f3: \u201cEs esencial priorizar la educaci\u00f3n y la sensibilizaci\u00f3n de la ciudadan\u00eda sobre la importancia de reducir, reutilizar y reciclar, a trav\u00e9s de programas de recolecci\u00f3n diferenciada, garantizando la inclusi\u00f3n y equidad de g\u00e9nero en todas las etapas de la cadena de valor de los pl\u00e1sticos\u201d, asever\u00f3.<\/p>\n<p>El MAATE, en coordinaci\u00f3n con varias carteras de Estado, instituciones aliadas y organizaciones internacionales a\u00fanan esfuerzos para enfrentar las tres principales amenazas para nuestro planeta: el cambio clim\u00e1tico, la reducci\u00f3n de la biodiversidad y la expansi\u00f3n de la contaminaci\u00f3n.<\/p>\n<p><strong>Direcci\u00f3n de Comunicaci\u00f3n<\/strong><\/p>\n","protected":false},"excerpt":{"rendered":"<p class=\"excerpt\">Quito, D.M., 10 de junio de 2024 Bolet\u00edn Nro. 078 En 2022, en Ecuador se generaron m\u00e1s de 627 mil toneladas de residuos pl\u00e1sticos, de las cuales, solo un 7.7% se reciclaron. Derivado de esta alerta, en enero de 2023, el pa\u00eds se suscribi\u00f3 al Global Plastic Action Partnership, logr\u00e1ndose en abril, el lanzamiento del proyecto y, para octubre del&hellip; <a href=\"https:\/\/www.ambienteyenergia.gob.ec\/ambiente\/ecuador-presento-la-hoja-de-ruta-para-reducir-impactos-por-la-contaminacion-de-plasticos\/\">Read more &rarr;<\/a><\/p>\n","protected":false},"author":8,"featured_media":46077,"comment_status":"closed","ping_status":"closed","sticky":false,"template":"","format":"standard","meta":{"footnotes":""},"categories":[4,10],"tags":[],"class_list":["post-46076","post","type-post","status-publish","format-standard","has-post-thumbnail","hentry","category-noticias","category-noticias-destacadas","xfolkentry"],"_links":{"self":[{"href":"https:\/\/www.ambienteyenergia.gob.ec\/ambiente\/wp-json\/wp\/v2\/posts\/46076","targetHints":{"allow":["GET"]}}],"collection":[{"href":"https:\/\/www.ambienteyenergia.gob.ec\/ambiente\/wp-json\/wp\/v2\/posts"}],"about":[{"href":"https:\/\/www.ambienteyenergia.gob.ec\/ambiente\/wp-json\/wp\/v2\/types\/post"}],"author":[{"embeddable":true,"href":"https:\/\/www.ambienteyenergia.gob.ec\/ambiente\/wp-json\/wp\/v2\/users\/8"}],"replies":[{"embeddable":true,"href":"https:\/\/www.ambienteyenergia.gob.ec\/ambiente\/wp-json\/wp\/v2\/comments?post=46076"}],"version-history":[{"count":1,"href":"https:\/\/www.ambienteyenergia.gob.ec\/ambiente\/wp-json\/wp\/v2\/posts\/46076\/revisions"}],"predecessor-version":[{"id":46078,"href":"https:\/\/www.ambienteyenergia.gob.ec\/ambiente\/wp-json\/wp\/v2\/posts\/46076\/revisions\/46078"}],"wp:featuredmedia":[{"embeddable":true,"href":"https:\/\/www.ambienteyenergia.gob.ec\/ambiente\/wp-json\/wp\/v2\/media\/46077"}],"wp:attachment":[{"href":"https:\/\/www.ambienteyenergia.gob.ec\/ambiente\/wp-json\/wp\/v2\/media?parent=46076"}],"wp:term":[{"taxonomy":"category","embeddable":true,"href":"https:\/\/www.ambienteyenergia.gob.ec\/ambiente\/wp-json\/wp\/v2\/categories?post=46076"},{"taxonomy":"post_tag","embeddable":true,"href":"https:\/\/www.ambienteyenergia.gob.ec\/ambiente\/wp-json\/wp\/v2\/tags?post=46076"}],"curies":[{"name":"wp","href":"https:\/\/api.w.org\/{rel}","templated":true}]}}