{"id":46018,"date":"2024-05-28T15:26:29","date_gmt":"2024-05-28T20:26:29","guid":{"rendered":"https:\/\/www.ambiente.gob.ec\/?p=46018"},"modified":"2024-05-28T17:08:39","modified_gmt":"2024-05-28T22:08:39","slug":"con-la-entrega-de-10-vehiculos-4x4-el-maate-fortalece-la-operatividad-de-seis-areas-protegidas-marino-costeras","status":"publish","type":"post","link":"https:\/\/www.ambienteyenergia.gob.ec\/ambiente\/con-la-entrega-de-10-vehiculos-4x4-el-maate-fortalece-la-operatividad-de-seis-areas-protegidas-marino-costeras\/","title":{"rendered":"Con la entrega de 10 veh\u00edculos 4&#215;4, el MAATE fortalece la operatividad de seis \u00e1reas protegidas marino &#8211; costeras"},"content":{"rendered":"<p style=\"text-align: right;\"><strong>Santa Elena, 28 de mayo de 2024<\/strong><br \/>\nBolet\u00edn de Prensa Nro. 070<\/p>\n<p>Con el objetivo de fortalecer las actividades de control y vigilancia, el Ministerio del Ambiente, Agua y Transici\u00f3n Ecol\u00f3gica (MAATE), liderado por Sade Fritschi, entreg\u00f3, este 28 de mayo, 10 veh\u00edculos 4&#215;4, en beneficio de seis \u00e1reas protegidas marino &#8211; costeras de Ecuador continental. El acto se desarroll\u00f3 en el Parqueadero de \u201cEl Morro\u201d, de la Reserva de Producci\u00f3n de Fauna Marino &#8211; Costera Puntilla de Santa Elena, en el cant\u00f3n Salinas.<\/p>\n<p>Bajo ese contexto, las 10 camionetas, que contaron con una inversi\u00f3n de USD 442.413 por parte de la Cooperaci\u00f3n Alemana \u2013 KFW, a trav\u00e9s del Programa de Apoyo al Sistema Nacional de \u00c1reas Protegidas II, ser\u00e1n distribuidas conforme al siguiente detalle:<\/p>\n<ul>\n<li>Reserva Ecol\u00f3gica Arenillas &#8211; 2<\/li>\n<li>Reserva Manglares Churute &#8211; 2<\/li>\n<li>Reserva Ecol\u00f3gica Manglares Cayapas Mataje &#8211; 2<\/li>\n<li>Refugio de Vida Silvestre Estuario del R\u00edo Muisne &#8211; 2<\/li>\n<li>Reserva de Producci\u00f3n de Fauna Marino Costera Puntilla de Santa Elena &#8211; 1<\/li>\n<li>Reserva Marina El Pelado \u2013 1<\/li>\n<\/ul>\n<p>Los veh\u00edculos incluyen: matr\u00edcula correspondiente a 2024, seguro por dos a\u00f1os, rastreo satelital por un a\u00f1o, brandeo y accesorios; adem\u00e1s, permitir\u00e1n fomentar mejores pr\u00e1cticas de uso sostenible de los recursos hidrobiol\u00f3gicos y tur\u00edsticos y apoyar en el monitoreo de la biodiversidad y educaci\u00f3n ambiental en las reservas marino &#8211; costeras.<\/p>\n<p>El evento cont\u00f3 con la presencia del gobernador de Santa Elena, Jorge Tamayo; delegados de la Cooperaci\u00f3n Alemana (KFW) y actores locales. En representaci\u00f3n de la m\u00e1xima autoridad ambiental, particip\u00f3 el Subsecretario de Patrimonio Natural, Esteban J\u00e1come, quien manifest\u00f3: \u201cTenemos el compromiso de fortalecer la gesti\u00f3n de los guardaparques a trav\u00e9s de programas y proyectos de inversi\u00f3n que cuentan con apoyo de la cooperaci\u00f3n internacional, esto con el fin de monitorear y conservar nuestro patrimonio natural, acorde a los lineamientos de la ministra Sade Fritschi\u201d.<\/p>\n<p>Con esta importante gesti\u00f3n, el MAATE ratifica su compromiso de fortalecer el trabajo y la conservaci\u00f3n en sus \u00e1reas protegidas, mediante acuerdos y alianzas estrat\u00e9gicas con la Cooperaci\u00f3n Alemana interesados en contribuir en las estrategias que impulsa el Gobierno de El Nuevo Ecuador.<\/p>\n<p><strong>Direcci\u00f3n de Comunicaci\u00f3n<\/strong><\/p>\n","protected":false},"excerpt":{"rendered":"<p class=\"excerpt\">Santa Elena, 28 de mayo de 2024 Bolet\u00edn de Prensa Nro. 070 Con el objetivo de fortalecer las actividades de control y vigilancia, el Ministerio del Ambiente, Agua y Transici\u00f3n Ecol\u00f3gica (MAATE), liderado por Sade Fritschi, entreg\u00f3, este 28 de mayo, 10 veh\u00edculos 4&#215;4, en beneficio de seis \u00e1reas protegidas marino &#8211; costeras de Ecuador continental. El acto se desarroll\u00f3&hellip; <a href=\"https:\/\/www.ambienteyenergia.gob.ec\/ambiente\/con-la-entrega-de-10-vehiculos-4x4-el-maate-fortalece-la-operatividad-de-seis-areas-protegidas-marino-costeras\/\">Read more &rarr;<\/a><\/p>\n","protected":false},"author":8,"featured_media":46019,"comment_status":"closed","ping_status":"closed","sticky":false,"template":"","format":"standard","meta":{"footnotes":""},"categories":[4,10],"tags":[],"class_list":["post-46018","post","type-post","status-publish","format-standard","has-post-thumbnail","hentry","category-noticias","category-noticias-destacadas","xfolkentry"],"_links":{"self":[{"href":"https:\/\/www.ambienteyenergia.gob.ec\/ambiente\/wp-json\/wp\/v2\/posts\/46018","targetHints":{"allow":["GET"]}}],"collection":[{"href":"https:\/\/www.ambienteyenergia.gob.ec\/ambiente\/wp-json\/wp\/v2\/posts"}],"about":[{"href":"https:\/\/www.ambienteyenergia.gob.ec\/ambiente\/wp-json\/wp\/v2\/types\/post"}],"author":[{"embeddable":true,"href":"https:\/\/www.ambienteyenergia.gob.ec\/ambiente\/wp-json\/wp\/v2\/users\/8"}],"replies":[{"embeddable":true,"href":"https:\/\/www.ambienteyenergia.gob.ec\/ambiente\/wp-json\/wp\/v2\/comments?post=46018"}],"version-history":[{"count":3,"href":"https:\/\/www.ambienteyenergia.gob.ec\/ambiente\/wp-json\/wp\/v2\/posts\/46018\/revisions"}],"predecessor-version":[{"id":46022,"href":"https:\/\/www.ambienteyenergia.gob.ec\/ambiente\/wp-json\/wp\/v2\/posts\/46018\/revisions\/46022"}],"wp:featuredmedia":[{"embeddable":true,"href":"https:\/\/www.ambienteyenergia.gob.ec\/ambiente\/wp-json\/wp\/v2\/media\/46019"}],"wp:attachment":[{"href":"https:\/\/www.ambienteyenergia.gob.ec\/ambiente\/wp-json\/wp\/v2\/media?parent=46018"}],"wp:term":[{"taxonomy":"category","embeddable":true,"href":"https:\/\/www.ambienteyenergia.gob.ec\/ambiente\/wp-json\/wp\/v2\/categories?post=46018"},{"taxonomy":"post_tag","embeddable":true,"href":"https:\/\/www.ambienteyenergia.gob.ec\/ambiente\/wp-json\/wp\/v2\/tags?post=46018"}],"curies":[{"name":"wp","href":"https:\/\/api.w.org\/{rel}","templated":true}]}}