{"id":45541,"date":"2024-01-27T12:11:25","date_gmt":"2024-01-27T17:11:25","guid":{"rendered":"https:\/\/www.ambiente.gob.ec\/?p=45541"},"modified":"2024-01-27T12:18:32","modified_gmt":"2024-01-27T17:18:32","slug":"el-ministerio-del-ambiente-agua-y-transicion-ecologica-conmemoro-el-dia-mundial-de-la-educacion-ambiental-con-actividades-a-escala-nacional","status":"publish","type":"post","link":"https:\/\/www.ambienteyenergia.gob.ec\/ambiente\/el-ministerio-del-ambiente-agua-y-transicion-ecologica-conmemoro-el-dia-mundial-de-la-educacion-ambiental-con-actividades-a-escala-nacional\/","title":{"rendered":"El Ministerio del Ambiente, Agua y Transici\u00f3n Ecol\u00f3gica conmemor\u00f3 el D\u00eda Mundial de la Educaci\u00f3n Ambiental con actividades a escala nacional"},"content":{"rendered":"<p style=\"text-align: right;\"><strong>Quito, D.M., 26 de enero de 2024<\/strong><\/p>\n<p style=\"text-align: right;\"><strong>Bolet\u00edn Nro.21 <\/strong><\/p>\n<h6><strong><em>Ecuador cuenta con la Estrategia Nacional de Educaci\u00f3n Ambiental para el Desarrollo Sostenible 2017 \u2013 2030 (ENEA), cuyo objetivo es \u201cImpulsar el desarrollo de una identidad y conciencia ambiental en la poblaci\u00f3n ecuatoriana, que le permita actuar coherentemente como parte de la naturaleza en todas sus relaciones socio-ambientales; y alcanzar estilo de vida sostenibles.<\/em><\/strong><\/h6>\n<p>El Ministerio del Ambiente Agua y Transici\u00f3n Ecol\u00f3gica desarroll\u00f3 el encuentro \u00abUniendo Saberes para la Educaci\u00f3n Ambiental e H\u00eddrica\u00bb, como un espacio donde representantes nacionales e internacionales, de varios sectores de la educaci\u00f3n formal, no formal e informal, intercambiaron experiencias sobre los proyectos e iniciativas que impulsan para enfrentar los desaf\u00edos ambientales, a partir del fortalecimiento de la conciencia ambiental.<\/p>\n<p>Este evento, fue parte de las 27 actividades que esta cartera de Estado impuls\u00f3, en varios puntos del pa\u00eds, a trav\u00e9s de sus direcciones zonales, en el marco del D\u00eda Mundial de la Educaci\u00f3n Ambiental, que se conmemora cada 26 de enero y que destaca la importancia de involucrar a los actores sociales mediante la pedagog\u00eda y concientizaci\u00f3n.<\/p>\n<p>La ministra subrogante, Mar\u00eda Luisa Cruz, dio inicio a una jornada l\u00fadica y participativa, donde destac\u00f3 la importancia de unir esfuerzos para fortalecer la ense\u00f1anza y el aprendizaje, a partir de metodolog\u00edas que permitan que cada generaci\u00f3n valore la riqueza natural del Ecuador para dar paso a pr\u00e1cticas sostenibles: \u201cla educaci\u00f3n es el arma m\u00e1s poderosa que puede solucionar los problemas del mundo\u201d, mencion\u00f3.<\/p>\n<p>M\u00e1s de 150 personas, entre estudiantes, docentes, empresarios, funcionarios p\u00fablicos y representantes de centros de rescate y Organizaciones No Gubernamentales y dem\u00e1s ciudadanos, se dieron cita en el Jard\u00edn Bot\u00e1nico de Quito para compartir experiencias sobre las iniciativas implementadas a nivel nacional, tales como: nuevas metodolog\u00edas educativas, proyectos comunitarios, productos con base en econom\u00eda circular, entre otros.<\/p>\n<p>Entre las actividades desarrolladas a nivel nacional y que contaron con la participaci\u00f3n de la ciudadan\u00eda, se destacan: talleres, actividades de reforestaci\u00f3n, capacitaci\u00f3n en prevenci\u00f3n de incendios, concursos de reciclaje y charlas sobre manejo de vida silvestre, entre otros.<\/p>\n<p>El desarrollo de estas iniciativas es muestra del respaldo del Gobierno Nacional para promover, a trav\u00e9s de la cartera del Ambiente, liderada por la ministra Sade Fritschi, estrategias que fomenten procesos educativos y participativos para enfrentar los desaf\u00edos ambientales del futuro como: la lucha contra el cambio clim\u00e1tico, el tr\u00e1fico de vida silvestre y la degradaci\u00f3n de los ecosistemas.<\/p>\n","protected":false},"excerpt":{"rendered":"<p class=\"excerpt\">Quito, D.M., 26 de enero de 2024 Bolet\u00edn Nro.21 Ecuador cuenta con la Estrategia Nacional de Educaci\u00f3n Ambiental para el Desarrollo Sostenible 2017 \u2013 2030 (ENEA), cuyo objetivo es \u201cImpulsar el desarrollo de una identidad y conciencia ambiental en la poblaci\u00f3n ecuatoriana, que le permita actuar coherentemente como parte de la naturaleza en todas sus relaciones socio-ambientales; y alcanzar estilo&hellip; <a href=\"https:\/\/www.ambienteyenergia.gob.ec\/ambiente\/el-ministerio-del-ambiente-agua-y-transicion-ecologica-conmemoro-el-dia-mundial-de-la-educacion-ambiental-con-actividades-a-escala-nacional\/\">Read more &rarr;<\/a><\/p>\n","protected":false},"author":14,"featured_media":45538,"comment_status":"closed","ping_status":"closed","sticky":false,"template":"","format":"standard","meta":{"footnotes":""},"categories":[4,10],"tags":[],"class_list":["post-45541","post","type-post","status-publish","format-standard","has-post-thumbnail","hentry","category-noticias","category-noticias-destacadas","xfolkentry"],"_links":{"self":[{"href":"https:\/\/www.ambienteyenergia.gob.ec\/ambiente\/wp-json\/wp\/v2\/posts\/45541","targetHints":{"allow":["GET"]}}],"collection":[{"href":"https:\/\/www.ambienteyenergia.gob.ec\/ambiente\/wp-json\/wp\/v2\/posts"}],"about":[{"href":"https:\/\/www.ambienteyenergia.gob.ec\/ambiente\/wp-json\/wp\/v2\/types\/post"}],"author":[{"embeddable":true,"href":"https:\/\/www.ambienteyenergia.gob.ec\/ambiente\/wp-json\/wp\/v2\/users\/14"}],"replies":[{"embeddable":true,"href":"https:\/\/www.ambienteyenergia.gob.ec\/ambiente\/wp-json\/wp\/v2\/comments?post=45541"}],"version-history":[{"count":3,"href":"https:\/\/www.ambienteyenergia.gob.ec\/ambiente\/wp-json\/wp\/v2\/posts\/45541\/revisions"}],"predecessor-version":[{"id":45544,"href":"https:\/\/www.ambienteyenergia.gob.ec\/ambiente\/wp-json\/wp\/v2\/posts\/45541\/revisions\/45544"}],"wp:featuredmedia":[{"embeddable":true,"href":"https:\/\/www.ambienteyenergia.gob.ec\/ambiente\/wp-json\/wp\/v2\/media\/45538"}],"wp:attachment":[{"href":"https:\/\/www.ambienteyenergia.gob.ec\/ambiente\/wp-json\/wp\/v2\/media?parent=45541"}],"wp:term":[{"taxonomy":"category","embeddable":true,"href":"https:\/\/www.ambienteyenergia.gob.ec\/ambiente\/wp-json\/wp\/v2\/categories?post=45541"},{"taxonomy":"post_tag","embeddable":true,"href":"https:\/\/www.ambienteyenergia.gob.ec\/ambiente\/wp-json\/wp\/v2\/tags?post=45541"}],"curies":[{"name":"wp","href":"https:\/\/api.w.org\/{rel}","templated":true}]}}