{"id":45178,"date":"2023-11-15T15:23:29","date_gmt":"2023-11-15T20:23:29","guid":{"rendered":"https:\/\/www.ambiente.gob.ec\/?p=45178"},"modified":"2023-11-15T15:23:29","modified_gmt":"2023-11-15T20:23:29","slug":"un-nuevo-capitulo-comienza-para-la-comunidad-de-daligzhe-con-la-entrega-del-nuevo-sistema-de-agua-potable","status":"publish","type":"post","link":"https:\/\/www.ambienteyenergia.gob.ec\/ambiente\/un-nuevo-capitulo-comienza-para-la-comunidad-de-daligzhe-con-la-entrega-del-nuevo-sistema-de-agua-potable\/","title":{"rendered":"Un nuevo cap\u00edtulo comienza para la comunidad de Daligzhe con la entrega del nuevo Sistema de Agua Potable"},"content":{"rendered":"<p style=\"text-align: right;\"><strong>Bolet\u00edn N\u00b0132<\/strong><br \/>\n<strong>15 de noviembre de 2023<\/strong><\/p>\n<p>Con el objetivo de mejorar las condiciones de vida de la comunidad Daligzhe, situada en el cant\u00f3n Zaruma, provincia de El Oro, el Ministerio del Ambiente, Agua y Transici\u00f3n Ecol\u00f3gica (MAATE), mediante el proyecto de Fomento a la Gesti\u00f3n del Agua Potable, Saneamiento, Riego y Drenaje (FOGAPRYD), entreg\u00f3 el Sistema de Agua Potable. Este sistema garantizar\u00e1 el suministro de agua a 126 familias residentes en la zona, contribuyendo as\u00ed al bienestar y desarrollo sostenible de la comunidad.<\/p>\n<p>Esta obra cont\u00f3 con un presupuesto de USD. 219.458,13, financiado en su totalidad por esta cartera de Estado. La construcci\u00f3n, llevada a cabo durante un periodo de siete meses, tiene como prop\u00f3sito asegurar el derecho humano al agua y mejorar las condiciones sanitarias de los habitantes. Esto se logra mediante el suministro de agua limpia en t\u00e9rminos de cantidad, calidad y continuidad, beneficiando as\u00ed a la comunidad con un acceso sostenible a este recurso esencial.<\/p>\n<p>Jos\u00e9 D\u00e1valos, titular del Ministerio del Ambiente, Agua y Transici\u00f3n Ecol\u00f3gica, afirm\u00f3 que \u201cel acceso seguro al l\u00edquido vital, permitir\u00e1 que las familias de Daligzhe aprovechen mejor su tiempo, dedic\u00e1ndolo a actividades que fortalezcan el desarrollo econ\u00f3mico y social de la comunidad. Esta iniciativa es m\u00e1s que un logro t\u00e9cnico; es un ejemplo concreto de c\u00f3mo la colaboraci\u00f3n entre el Gobierno Nacional, el gobierno local y la comunidad puede generar resultados que transforman vidas\u201d, puntualiz\u00f3.<\/p>\n<p>Jos\u00e9 Azanza, presidente de la Junta Administrativa de Agua Potable Daligzhe, manifest\u00f3 su agradecimiento al Gobierno Nacional y al MAATE, por su ayuda y gesti\u00f3n, pues \u201clos pobladores de Daligzhe no contaban con un sistema de agua apto para la comunidad, pero ahora, en tan corto tiempo pudimos obtener lo que necesit\u00e1bamos. Esto quedar\u00e1 en el recuerdo y en el coraz\u00f3n\u201d.<\/p>\n<p>Durante esta administraci\u00f3n, como Autoridad \u00danica del Agua, se ha impulsado los principales ejes estrat\u00e9gicos para la administraci\u00f3n y gobernanza del recurso h\u00eddrico, a trav\u00e9s de sus principales componentes: seguridad h\u00eddrica, cuidado de las fuentes h\u00eddricas desde su origen, la disminuci\u00f3n de la desnutrici\u00f3n cr\u00f3nica infantil y la reducci\u00f3n de los potenciales efectos negativos que trae consigo el cambio clim\u00e1tico.<\/p>\n<p>Mediante este proyecto FOGAPRYD, el Gobierno Nacional reafirma su compromiso de seguir trabajando hasta el \u00faltimo d\u00eda de gesti\u00f3n en el acceso equitativo y sostenible al agua potable; adem\u00e1s el aporte al desarrollo y vida de todas las familias ecuatorianas.<\/p>\n<p><strong>Direcci\u00f3n de Comunicaci\u00f3n<\/strong><br \/>\n<strong>Ministerio del Ambiente, Agua y Transici\u00f3n Ecol\u00f3gica<\/strong><\/p>\n","protected":false},"excerpt":{"rendered":"<p class=\"excerpt\">Bolet\u00edn N\u00b0132 15 de noviembre de 2023 Con el objetivo de mejorar las condiciones de vida de la comunidad Daligzhe, situada en el cant\u00f3n Zaruma, provincia de El Oro, el Ministerio del Ambiente, Agua y Transici\u00f3n Ecol\u00f3gica (MAATE), mediante el proyecto de Fomento a la Gesti\u00f3n del Agua Potable, Saneamiento, Riego y Drenaje (FOGAPRYD), entreg\u00f3 el Sistema de Agua Potable.&hellip; <a href=\"https:\/\/www.ambienteyenergia.gob.ec\/ambiente\/un-nuevo-capitulo-comienza-para-la-comunidad-de-daligzhe-con-la-entrega-del-nuevo-sistema-de-agua-potable\/\">Read more &rarr;<\/a><\/p>\n","protected":false},"author":8,"featured_media":45179,"comment_status":"closed","ping_status":"closed","sticky":false,"template":"","format":"standard","meta":{"footnotes":""},"categories":[4,10],"tags":[],"class_list":["post-45178","post","type-post","status-publish","format-standard","has-post-thumbnail","hentry","category-noticias","category-noticias-destacadas","xfolkentry"],"_links":{"self":[{"href":"https:\/\/www.ambienteyenergia.gob.ec\/ambiente\/wp-json\/wp\/v2\/posts\/45178","targetHints":{"allow":["GET"]}}],"collection":[{"href":"https:\/\/www.ambienteyenergia.gob.ec\/ambiente\/wp-json\/wp\/v2\/posts"}],"about":[{"href":"https:\/\/www.ambienteyenergia.gob.ec\/ambiente\/wp-json\/wp\/v2\/types\/post"}],"author":[{"embeddable":true,"href":"https:\/\/www.ambienteyenergia.gob.ec\/ambiente\/wp-json\/wp\/v2\/users\/8"}],"replies":[{"embeddable":true,"href":"https:\/\/www.ambienteyenergia.gob.ec\/ambiente\/wp-json\/wp\/v2\/comments?post=45178"}],"version-history":[{"count":1,"href":"https:\/\/www.ambienteyenergia.gob.ec\/ambiente\/wp-json\/wp\/v2\/posts\/45178\/revisions"}],"predecessor-version":[{"id":45180,"href":"https:\/\/www.ambienteyenergia.gob.ec\/ambiente\/wp-json\/wp\/v2\/posts\/45178\/revisions\/45180"}],"wp:featuredmedia":[{"embeddable":true,"href":"https:\/\/www.ambienteyenergia.gob.ec\/ambiente\/wp-json\/wp\/v2\/media\/45179"}],"wp:attachment":[{"href":"https:\/\/www.ambienteyenergia.gob.ec\/ambiente\/wp-json\/wp\/v2\/media?parent=45178"}],"wp:term":[{"taxonomy":"category","embeddable":true,"href":"https:\/\/www.ambienteyenergia.gob.ec\/ambiente\/wp-json\/wp\/v2\/categories?post=45178"},{"taxonomy":"post_tag","embeddable":true,"href":"https:\/\/www.ambienteyenergia.gob.ec\/ambiente\/wp-json\/wp\/v2\/tags?post=45178"}],"curies":[{"name":"wp","href":"https:\/\/api.w.org\/{rel}","templated":true}]}}