{"id":44987,"date":"2023-09-15T16:45:42","date_gmt":"2023-09-15T21:45:42","guid":{"rendered":"https:\/\/www.ambiente.gob.ec\/?p=44987"},"modified":"2023-09-15T16:45:42","modified_gmt":"2023-09-15T21:45:42","slug":"c5-informacion-sobre-gestion-y-tramites-simplificados-eficientes-de-residuos-solidos-no-peligrosos-desarrollado","status":"publish","type":"post","link":"https:\/\/www.ambienteyenergia.gob.ec\/ambiente\/c5-informacion-sobre-gestion-y-tramites-simplificados-eficientes-de-residuos-solidos-no-peligrosos-desarrollado\/","title":{"rendered":"C5. INFORMACI\u00d3N SOBRE GESTI\u00d3N Y TR\u00c1MITES SIMPLIFICADOS\/EFICIENTES DE RESIDUOS S\u00d3LIDOS NO PELIGROSOS DESARROLLADO."},"content":{"rendered":"<p><a href=\"https:\/\/www.ambienteyenergia.gob.ec\/ambiente\/proyecto-gestion-de-residuos-solidos-y-economia-circular-inclusiva-greci\/\"><img loading=\"lazy\" decoding=\"async\" class=\"wp-image-40090 img-responsive\" src=\"https:\/\/www.ambienteyenergia.gob.ec\/ambiente\/wp-content\/uploads\/proyecto-greci.jpg\" sizes=\"auto, (max-width: 1024px) 100vw, 1024px\" srcset=\"https:\/\/www.ambienteyenergia.gob.ec\/ambiente\/wp-content\/uploads\/proyecto-greci.jpg 1024w, https:\/\/www.ambienteyenergia.gob.ec\/ambiente\/wp-content\/uploads\/proyecto-greci.jpg 300w, https:\/\/www.ambienteyenergia.gob.ec\/ambiente\/wp-content\/uploads\/proyecto-greci.jpg 768w, https:\/\/www.ambienteyenergia.gob.ec\/ambiente\/wp-content\/uploads\/proyecto-greci.jpg 1185w\" alt=\"\" width=\"1024\" height=\"135\" \/><\/a><\/p>\n<p>El personal t\u00e9cnico del GRECI en el marco de sus actividades, cumple con el apoyo y asistencia t\u00e9cnica a los GADM, entidades p\u00fablicas y privadas a nivel nacional, a trav\u00e9s de visitas t\u00e9cnicas, capacitaciones, mesas t\u00e9cnicas y otras actividades que implican el desarrollo y desempe\u00f1o de las actividades operativas y t\u00e9cnicas; y por ende el cumplimiento de los objetivos del componente 5 del proyecto GRECI conlleva informaci\u00f3n sobre gesti\u00f3n y tr\u00e1mites simplificados sobre residuos s\u00f3lidos no peligrosos desarrollo; lo cual involucra la realizaci\u00f3n de procesos de fortalecimiento institucional del proyecto, junto con la generaci\u00f3n de estad\u00edstica (l\u00ednea base) de la gesti\u00f3n integral de desechos y residuos s\u00f3lidos no peligrosos del pa\u00eds como herramienta para la toma de decisiones y planificaci\u00f3n, adem\u00e1s del proceso de simplificaci\u00f3n y automatizaci\u00f3n de varios de los servicios.<\/p>\n<p>___________________________________<\/p>\n<p style=\"text-align: right;\"><em><a href=\"https:\/\/www.ambienteyenergia.gob.ec\/ambiente\/proyecto-gestion-de-residuos-solidos-y-economia-circular-inclusiva-greci\/\"><strong>&lt;&lt;<\/strong>\u00a0Regresar<\/a><\/em><\/p>\n","protected":false},"excerpt":{"rendered":"<p class=\"excerpt\">El personal t\u00e9cnico del GRECI en el marco de sus actividades, cumple con el apoyo y asistencia t\u00e9cnica a los GADM, entidades p\u00fablicas y privadas a nivel nacional, a trav\u00e9s de visitas t\u00e9cnicas, capacitaciones, mesas t\u00e9cnicas y otras actividades que implican el desarrollo y desempe\u00f1o de las actividades operativas y t\u00e9cnicas; y por ende el cumplimiento de los objetivos del&hellip; <a href=\"https:\/\/www.ambienteyenergia.gob.ec\/ambiente\/c5-informacion-sobre-gestion-y-tramites-simplificados-eficientes-de-residuos-solidos-no-peligrosos-desarrollado\/\">Read more &rarr;<\/a><\/p>\n","protected":false},"author":8,"featured_media":0,"comment_status":"closed","ping_status":"closed","sticky":false,"template":"","format":"standard","meta":{"footnotes":""},"categories":[20],"tags":[],"class_list":["post-44987","post","type-post","status-publish","format-standard","hentry","category-el-ministerio","xfolkentry"],"_links":{"self":[{"href":"https:\/\/www.ambienteyenergia.gob.ec\/ambiente\/wp-json\/wp\/v2\/posts\/44987","targetHints":{"allow":["GET"]}}],"collection":[{"href":"https:\/\/www.ambienteyenergia.gob.ec\/ambiente\/wp-json\/wp\/v2\/posts"}],"about":[{"href":"https:\/\/www.ambienteyenergia.gob.ec\/ambiente\/wp-json\/wp\/v2\/types\/post"}],"author":[{"embeddable":true,"href":"https:\/\/www.ambienteyenergia.gob.ec\/ambiente\/wp-json\/wp\/v2\/users\/8"}],"replies":[{"embeddable":true,"href":"https:\/\/www.ambienteyenergia.gob.ec\/ambiente\/wp-json\/wp\/v2\/comments?post=44987"}],"version-history":[{"count":1,"href":"https:\/\/www.ambienteyenergia.gob.ec\/ambiente\/wp-json\/wp\/v2\/posts\/44987\/revisions"}],"predecessor-version":[{"id":44988,"href":"https:\/\/www.ambienteyenergia.gob.ec\/ambiente\/wp-json\/wp\/v2\/posts\/44987\/revisions\/44988"}],"wp:attachment":[{"href":"https:\/\/www.ambienteyenergia.gob.ec\/ambiente\/wp-json\/wp\/v2\/media?parent=44987"}],"wp:term":[{"taxonomy":"category","embeddable":true,"href":"https:\/\/www.ambienteyenergia.gob.ec\/ambiente\/wp-json\/wp\/v2\/categories?post=44987"},{"taxonomy":"post_tag","embeddable":true,"href":"https:\/\/www.ambienteyenergia.gob.ec\/ambiente\/wp-json\/wp\/v2\/tags?post=44987"}],"curies":[{"name":"wp","href":"https:\/\/api.w.org\/{rel}","templated":true}]}}