{"id":44984,"date":"2023-09-15T16:42:30","date_gmt":"2023-09-15T21:42:30","guid":{"rendered":"https:\/\/www.ambiente.gob.ec\/?p=44984"},"modified":"2024-10-29T16:30:51","modified_gmt":"2024-10-29T21:30:51","slug":"c4-pronunciamientos-y-asistencia-tecnica-sobre-responsabilidad-extendida-al-productor-realizados","status":"publish","type":"post","link":"https:\/\/www.ambienteyenergia.gob.ec\/ambiente\/c4-pronunciamientos-y-asistencia-tecnica-sobre-responsabilidad-extendida-al-productor-realizados\/","title":{"rendered":"C4. PRONUNCIAMIENTOS Y ASISTENCIA T\u00c9CNICA SOBRE RESPONSABILIDAD EXTENDIDA AL PRODUCTOR REALIZADOS"},"content":{"rendered":"<p><a href=\"https:\/\/www.ambienteyenergia.gob.ec\/ambiente\/proyecto-gestion-de-residuos-solidos-y-economia-circular-inclusiva-greci\/\"><img loading=\"lazy\" decoding=\"async\" class=\"wp-image-40090 img-responsive\" src=\"https:\/\/www.ambienteyenergia.gob.ec\/ambiente\/wp-content\/uploads\/proyecto-greci.jpg\" sizes=\"auto, (max-width: 1024px) 100vw, 1024px\" srcset=\"https:\/\/www.ambienteyenergia.gob.ec\/ambiente\/wp-content\/uploads\/proyecto-greci.jpg 1024w, https:\/\/www.ambienteyenergia.gob.ec\/ambiente\/wp-content\/uploads\/proyecto-greci.jpg 300w, https:\/\/www.ambienteyenergia.gob.ec\/ambiente\/wp-content\/uploads\/proyecto-greci.jpg 768w, https:\/\/www.ambienteyenergia.gob.ec\/ambiente\/wp-content\/uploads\/proyecto-greci.jpg 1185w\" alt=\"\" width=\"1024\" height=\"135\" \/><\/a><\/p>\n<p>El componente 4, enfocado en la Responsabilidad Extendida al Productor (REP), involucra la asistencia t\u00e9cnica, desarrollo de marco regulatorio, an\u00e1lisis, seguimiento y control a los regulados sujetos al cumplimiento de la Normativa ambiental vigente bajo la REP que se describe a continuaci\u00f3n:<\/p>\n<ul>\n<li>Acuerdo Ministerial 021, \u201cInstructivo para la Gesti\u00f3n Integral de desechos pl\u00e1sticos de uso agr\u00edcola\u201d, publicado en Registro Oficial No.943 de 29 de abril de 2013.<\/li>\n<li>Acuerdo Ministerial 022, \u201cInstructivo para la Gesti\u00f3n Integral de pilas usadas\u201d, publicado en Registro Oficial No.943 de 29 de abril de 2013.<\/li>\n<li>Acuerdo Ministerial 131, \u201cInstructivo para la Gesti\u00f3n Integral de neum\u00e1ticos fuera de uso\u201d, publicado en Registro Oficial No.219 de 29 de diciembre de 2022.<\/li>\n<li>Acuerdo Ministerial 067, \u201cInstructivo para la aplicaci\u00f3n de la responsabilidad extendida en la gesti\u00f3n integral de residuos de aparatos el\u00e9ctricos y electr\u00f3nicos (RAEE) de origen domestico\u201d, publicado en Registro Oficial No.117 de 01 de agosto de 2022.<\/li>\n<\/ul>\n<p>Bajo lo establecido en cada acuerdo ministerial, el sujeto de control deber\u00e1:<\/p>\n<ol>\n<li>Obtener su respectivo Registro de generador de desechos peligrosos y\/o especiales (RGDE) aplicado a REP.<\/li>\n<li>Presentar el Programa\/Plan de Gesti\u00f3n Integral (PGI).<\/li>\n<li>Presentar el Informe Anual de implementaci\u00f3n del PGI (IA)<\/li>\n<\/ol>\n<p>Con base en lo expuesto, el componente 4 se encarga de la generaci\u00f3n de elementos Normativos y metodol\u00f3gicos enmarcados en el proceso de pronunciamiento y asistencia t\u00e9cnica sobre responsabilidad extendida al productor, entre sus principales actividades se encuentran:<\/p>\n<ul>\n<li>Inspecciones a empresas gestoras de productos sujetos a REP<\/li>\n<li>Inspecciones por denuncias debido a la inadecuada gesti\u00f3n de productos sujetos a REP<\/li>\n<li>Capacitaciones en temas de REP<\/li>\n<\/ul>\n<p>Asistencia t\u00e9cnica a productores\/importadores sujetos bajo el principio de REP<\/p>\n<p><a href=\"https:\/\/app.powerbi.com\/view?r=eyJrIjoiNzM5MmMwOTQtMjJiMC00MDMyLTkwNDUtN2YzOTc2MGZlZWM1IiwidCI6ImI5MmFkMDkzLTRhODYtNGZiNS1hY2VhLWNlMWU1ZmJiYWIxMyJ9\" target=\"_blank\" rel=\"noopener\"><img decoding=\"async\" class=\"aligncenter size-full wp-image-4869\" src=\"https:\/\/www.ambienteyenergia.gob.ec\/ambiente\/wp-content\/uploads\/downloads\/2023\/07\/reciduos.jpeg\" width=\"100%\" \/><\/a><\/p>\n<p><a href=\"https:\/\/app.powerbi.com\/view?r=eyJrIjoiY2M1YTIxYzQtYjhjMy00YmZmLTgxZDUtMjAyYzhjYmMxYjExIiwidCI6ImI5MmFkMDkzLTRhODYtNGZiNS1hY2VhLWNlMWU1ZmJiYWIxMyJ9\" target=\"_blank\" rel=\"noopener\"><img decoding=\"async\" class=\"aligncenter size-full wp-image-4869\" src=\"https:\/\/www.ambienteyenergia.gob.ec\/ambiente\/wp-content\/uploads\/downloads\/2024\/10\/REP.png\" width=\"100%\" \/><\/a><\/p>\n<p>___________________________________<\/p>\n<p style=\"text-align: right;\"><em><a href=\"https:\/\/www.ambienteyenergia.gob.ec\/ambiente\/proyecto-gestion-de-residuos-solidos-y-economia-circular-inclusiva-greci\/\"><strong>&lt;&lt;<\/strong>\u00a0Regresar<\/a><\/em><\/p>\n","protected":false},"excerpt":{"rendered":"<p class=\"excerpt\">El componente 4, enfocado en la Responsabilidad Extendida al Productor (REP), involucra la asistencia t\u00e9cnica, desarrollo de marco regulatorio, an\u00e1lisis, seguimiento y control a los regulados sujetos al cumplimiento de la Normativa ambiental vigente bajo la REP que se describe a continuaci\u00f3n: Acuerdo Ministerial 021, \u201cInstructivo para la Gesti\u00f3n Integral de desechos pl\u00e1sticos de uso agr\u00edcola\u201d, publicado en Registro Oficial&hellip; <a href=\"https:\/\/www.ambienteyenergia.gob.ec\/ambiente\/c4-pronunciamientos-y-asistencia-tecnica-sobre-responsabilidad-extendida-al-productor-realizados\/\">Read more &rarr;<\/a><\/p>\n","protected":false},"author":8,"featured_media":0,"comment_status":"closed","ping_status":"closed","sticky":false,"template":"","format":"standard","meta":{"footnotes":""},"categories":[20],"tags":[],"class_list":["post-44984","post","type-post","status-publish","format-standard","hentry","category-el-ministerio","xfolkentry"],"_links":{"self":[{"href":"https:\/\/www.ambienteyenergia.gob.ec\/ambiente\/wp-json\/wp\/v2\/posts\/44984","targetHints":{"allow":["GET"]}}],"collection":[{"href":"https:\/\/www.ambienteyenergia.gob.ec\/ambiente\/wp-json\/wp\/v2\/posts"}],"about":[{"href":"https:\/\/www.ambienteyenergia.gob.ec\/ambiente\/wp-json\/wp\/v2\/types\/post"}],"author":[{"embeddable":true,"href":"https:\/\/www.ambienteyenergia.gob.ec\/ambiente\/wp-json\/wp\/v2\/users\/8"}],"replies":[{"embeddable":true,"href":"https:\/\/www.ambienteyenergia.gob.ec\/ambiente\/wp-json\/wp\/v2\/comments?post=44984"}],"version-history":[{"count":3,"href":"https:\/\/www.ambienteyenergia.gob.ec\/ambiente\/wp-json\/wp\/v2\/posts\/44984\/revisions"}],"predecessor-version":[{"id":46579,"href":"https:\/\/www.ambienteyenergia.gob.ec\/ambiente\/wp-json\/wp\/v2\/posts\/44984\/revisions\/46579"}],"wp:attachment":[{"href":"https:\/\/www.ambienteyenergia.gob.ec\/ambiente\/wp-json\/wp\/v2\/media?parent=44984"}],"wp:term":[{"taxonomy":"category","embeddable":true,"href":"https:\/\/www.ambienteyenergia.gob.ec\/ambiente\/wp-json\/wp\/v2\/categories?post=44984"},{"taxonomy":"post_tag","embeddable":true,"href":"https:\/\/www.ambienteyenergia.gob.ec\/ambiente\/wp-json\/wp\/v2\/tags?post=44984"}],"curies":[{"name":"wp","href":"https:\/\/api.w.org\/{rel}","templated":true}]}}