{"id":44978,"date":"2023-09-15T16:31:09","date_gmt":"2023-09-15T21:31:09","guid":{"rendered":"https:\/\/www.ambiente.gob.ec\/?p=44978"},"modified":"2024-10-29T15:40:23","modified_gmt":"2024-10-29T20:40:23","slug":"c2-politica-publica-de-economia-circular-y-reciclaje-inclusivo-elaborada","status":"publish","type":"post","link":"https:\/\/www.ambienteyenergia.gob.ec\/ambiente\/c2-politica-publica-de-economia-circular-y-reciclaje-inclusivo-elaborada\/","title":{"rendered":"C2. POL\u00cdTICA P\u00daBLICA DE ECONOM\u00cdA CIRCULAR Y RECICLAJE INCLUSIVO ELABORADA"},"content":{"rendered":"<p><a href=\"https:\/\/www.ambienteyenergia.gob.ec\/ambiente\/proyecto-gestion-de-residuos-solidos-y-economia-circular-inclusiva-greci\/\"><img loading=\"lazy\" decoding=\"async\" class=\"wp-image-40090 img-responsive\" src=\"https:\/\/www.ambienteyenergia.gob.ec\/ambiente\/wp-content\/uploads\/proyecto-greci.jpg\" sizes=\"auto, (max-width: 1024px) 100vw, 1024px\" srcset=\"https:\/\/www.ambienteyenergia.gob.ec\/ambiente\/wp-content\/uploads\/proyecto-greci.jpg 1024w, https:\/\/www.ambienteyenergia.gob.ec\/ambiente\/wp-content\/uploads\/proyecto-greci.jpg 300w, https:\/\/www.ambienteyenergia.gob.ec\/ambiente\/wp-content\/uploads\/proyecto-greci.jpg 768w, https:\/\/www.ambienteyenergia.gob.ec\/ambiente\/wp-content\/uploads\/proyecto-greci.jpg 1185w\" alt=\"\" width=\"1024\" height=\"135\" \/><\/a><\/p>\n<p>El Componente de Econom\u00eda Circular lidera una serie de actividades enfocadas en implementar acciones concretas que contribuyan a la aplicaci\u00f3n efectiva de la Ley Org\u00e1nica de Econom\u00eda Circular Inclusiva y la Ley Org\u00e1nica para la Racionalizaci\u00f3n, Reutilizaci\u00f3n y Reducci\u00f3n de Pl\u00e1sticos de un solo uso a nivel Nacional.<\/p>\n<p>Una de nuestras principales tareas consiste en la elaboraci\u00f3n de normativa secundaria que facilite la ejecuci\u00f3n de estas leyes, garantizando su correcta implementaci\u00f3n y cumplimiento en todas las instancias pertinentes. Adem\u00e1s, trabajamos en estrecha colaboraci\u00f3n con el sector industrial para promover normativas espec\u00edficas que fomenten la reducci\u00f3n de pl\u00e1sticos de un solo uso.<\/p>\n<p>Como parte de nuestro compromiso con la Econom\u00eda Circular Inclusiva, participamos en el desarrollo de la Estrategia Nacional de Econom\u00eda Circular, la cual busca establecer lineamientos y acciones concretas para promover la participaci\u00f3n activa de todos los actores involucrados.<\/p>\n<p>Adem\u00e1s, estamos creando modelos de gesti\u00f3n y lineamientos relacionados con el reciclaje inclusivo, con el fin de garantizar la participaci\u00f3n equitativa de todos los sectores de la sociedad en las pr\u00e1cticas de reciclaje y reutilizaci\u00f3n.<\/p>\n<p><strong>HERRAMIENTAS VINCULADAS A LA IMPLEMENTACI\u00d3N DE LA ECONOM\u00cdA CIRCULAR <\/strong><\/p>\n<ul>\n<li>Certificaci\u00f3n de los beneficiarios de la deducci\u00f3n del 100% adicional para el c\u00e1lculo de la base imponible del impuesto a la renta en la categor\u00eda de prevenci\u00f3n, proyectos relacionados a: gesti\u00f3n de residuos s\u00f3lidos.<a href=\"https:\/\/www.ambienteyenergia.gob.ec\/ambiente\/wp-content\/uploads\/downloads\/2023\/07\/8.zip\" target=\"_blank\" rel=\"noopener\"> Descargar \u2193<\/a><\/li>\n<li>An\u00e1lisis de impacto de intervenciones y escenarios de Cambio de Ecuador <a href=\"https:\/\/www.ambienteyenergia.gob.ec\/ambiente\/wp-content\/uploads\/downloads\/2024\/01\/Analisis-de-impacto-de-intervenciones-y-escenarios-de-Cambio-de-Ecuador.pdf\" target=\"_blank\" rel=\"noopener\">Descargar \u2193<\/a><\/li>\n<li><strong>Metodolog\u00eda GAD Circular<\/strong><br \/>\nDesarrollo e implementaci\u00f3n de la metodolog\u00eda que permite conocer las iniciativas de circularidad que se desarrollan en los diferentes Gobiernos Aut\u00f3nomos Descentralizados. <a href=\"https:\/\/www.ambienteyenergia.gob.ec\/ambiente\/wp-content\/uploads\/downloads\/2023\/07\/9.pdf\" target=\"_blank\" rel=\"noopener\">Descargar \u2193<\/a><\/li>\n<li><strong>Gu\u00eda para el reciclaje inclusivo<\/strong><br \/>\nGu\u00eda Operativa para la Elaboraci\u00f3n de Planes de Reciclaje Inclusivo en Ecuador. Este manual fue elaborado por la Iniciativa Regional para el Reciclaje Inclusivo (IRR), con el apoyo t\u00e9cnico del Ministerio del Ambiente y con la coordinaci\u00f3n de Fundaci\u00f3n Avina.<a href=\"https:\/\/www.ambienteyenergia.gob.ec\/ambiente\/wp-content\/uploads\/downloads\/2023\/07\/10.pdf\" target=\"_blank\" rel=\"noopener\"> Descargar \u2193<\/a><\/li>\n<li><strong>La Estrategia Nacional de Econom\u00eda Circular Inclusiva (ENECI) de Ecuador<\/strong><br \/>\nEstrategia desarrollada por el MAATE y el MPCEIP, impulsa la transici\u00f3n hacia un modelo econ\u00f3mico sostenible y circular. Se enfoca en cinco ejes estrat\u00e9gicos: pol\u00edtica p\u00fablica, cooperaci\u00f3n y financiamiento, producci\u00f3n y consumo sostenible, innovaci\u00f3n e investigaci\u00f3n, y planificaci\u00f3n urbana circular. Estos pilares buscan optimizar recursos, reducir residuos y fomentar alianzas para fortalecer la econom\u00eda circular en sectores clave del pa\u00eds. <a href=\"https:\/\/www.ambienteyenergia.gob.ec\/ambiente\/wp-content\/uploads\/downloads\/2024\/10\/Estrategia-Nacional-de-Economia-Circular-Inclusiva-ENECI.pdf\" target=\"_blank\" rel=\"noopener\">Descargar \u2193<\/a><\/li>\n<\/ul>\n<p>___________________________________<\/p>\n<p><a href=\"https:\/\/app.powerbi.com\/view?r=eyJrIjoiNmI0ZDJkMmQtNjNmYy00MTQ5LTkyZDItOGFmNWNkMzg1YTE5IiwidCI6ImI5MmFkMDkzLTRhODYtNGZiNS1hY2VhLWNlMWU1ZmJiYWIxMyJ9\" target=\"_blank\" rel=\"noopener\"><img decoding=\"async\" class=\"aligncenter size-full wp-image-4869\" src=\"https:\/\/www.ambienteyenergia.gob.ec\/ambiente\/wp-content\/uploads\/downloads\/2024\/10\/micrositio-Gestores.jpeg\" width=\"100%\" \/><\/a><\/p>\n<p>___________________________________<\/p>\n<p style=\"text-align: right;\"><em><a href=\"https:\/\/www.ambienteyenergia.gob.ec\/ambiente\/proyecto-gestion-de-residuos-solidos-y-economia-circular-inclusiva-greci\/\"><strong>&lt;&lt;<\/strong>\u00a0Regresar<\/a><\/em><\/p>\n","protected":false},"excerpt":{"rendered":"<p class=\"excerpt\">El Componente de Econom\u00eda Circular lidera una serie de actividades enfocadas en implementar acciones concretas que contribuyan a la aplicaci\u00f3n efectiva de la Ley Org\u00e1nica de Econom\u00eda Circular Inclusiva y la Ley Org\u00e1nica para la Racionalizaci\u00f3n, Reutilizaci\u00f3n y Reducci\u00f3n de Pl\u00e1sticos de un solo uso a nivel Nacional. Una de nuestras principales tareas consiste en la elaboraci\u00f3n de normativa secundaria&hellip; <a href=\"https:\/\/www.ambienteyenergia.gob.ec\/ambiente\/c2-politica-publica-de-economia-circular-y-reciclaje-inclusivo-elaborada\/\">Read more &rarr;<\/a><\/p>\n","protected":false},"author":8,"featured_media":0,"comment_status":"closed","ping_status":"closed","sticky":false,"template":"","format":"standard","meta":{"footnotes":""},"categories":[20],"tags":[],"class_list":["post-44978","post","type-post","status-publish","format-standard","hentry","category-el-ministerio","xfolkentry"],"_links":{"self":[{"href":"https:\/\/www.ambienteyenergia.gob.ec\/ambiente\/wp-json\/wp\/v2\/posts\/44978","targetHints":{"allow":["GET"]}}],"collection":[{"href":"https:\/\/www.ambienteyenergia.gob.ec\/ambiente\/wp-json\/wp\/v2\/posts"}],"about":[{"href":"https:\/\/www.ambienteyenergia.gob.ec\/ambiente\/wp-json\/wp\/v2\/types\/post"}],"author":[{"embeddable":true,"href":"https:\/\/www.ambienteyenergia.gob.ec\/ambiente\/wp-json\/wp\/v2\/users\/8"}],"replies":[{"embeddable":true,"href":"https:\/\/www.ambienteyenergia.gob.ec\/ambiente\/wp-json\/wp\/v2\/comments?post=44978"}],"version-history":[{"count":4,"href":"https:\/\/www.ambienteyenergia.gob.ec\/ambiente\/wp-json\/wp\/v2\/posts\/44978\/revisions"}],"predecessor-version":[{"id":46575,"href":"https:\/\/www.ambienteyenergia.gob.ec\/ambiente\/wp-json\/wp\/v2\/posts\/44978\/revisions\/46575"}],"wp:attachment":[{"href":"https:\/\/www.ambienteyenergia.gob.ec\/ambiente\/wp-json\/wp\/v2\/media?parent=44978"}],"wp:term":[{"taxonomy":"category","embeddable":true,"href":"https:\/\/www.ambienteyenergia.gob.ec\/ambiente\/wp-json\/wp\/v2\/categories?post=44978"},{"taxonomy":"post_tag","embeddable":true,"href":"https:\/\/www.ambienteyenergia.gob.ec\/ambiente\/wp-json\/wp\/v2\/tags?post=44978"}],"curies":[{"name":"wp","href":"https:\/\/api.w.org\/{rel}","templated":true}]}}