{"id":44971,"date":"2023-09-15T16:38:14","date_gmt":"2023-09-15T21:38:14","guid":{"rendered":"https:\/\/www.ambiente.gob.ec\/?p=44971"},"modified":"2024-10-29T16:24:36","modified_gmt":"2024-10-29T21:24:36","slug":"c3-pronunciamientos-y-asistencia-tecnica-sobre-gestion-de-residuos-solidos-municipales-realizados","status":"publish","type":"post","link":"https:\/\/www.ambienteyenergia.gob.ec\/ambiente\/c3-pronunciamientos-y-asistencia-tecnica-sobre-gestion-de-residuos-solidos-municipales-realizados\/","title":{"rendered":"C3. PRONUNCIAMIENTOS Y ASISTENCIA T\u00c9CNICA SOBRE GESTI\u00d3N DE RESIDUOS S\u00d3LIDOS MUNICIPALES REALIZADOS"},"content":{"rendered":"<p><a href=\"https:\/\/www.ambienteyenergia.gob.ec\/ambiente\/proyecto-gestion-de-residuos-solidos-y-economia-circular-inclusiva-greci\/\"><img loading=\"lazy\" decoding=\"async\" class=\"wp-image-40090 img-responsive\" src=\"https:\/\/www.ambienteyenergia.gob.ec\/ambiente\/wp-content\/uploads\/proyecto-greci.jpg\" sizes=\"auto, (max-width: 1024px) 100vw, 1024px\" srcset=\"https:\/\/www.ambienteyenergia.gob.ec\/ambiente\/wp-content\/uploads\/proyecto-greci.jpg 1024w, https:\/\/www.ambienteyenergia.gob.ec\/ambiente\/wp-content\/uploads\/proyecto-greci.jpg 300w, https:\/\/www.ambienteyenergia.gob.ec\/ambiente\/wp-content\/uploads\/proyecto-greci.jpg 768w, https:\/\/www.ambienteyenergia.gob.ec\/ambiente\/wp-content\/uploads\/proyecto-greci.jpg 1185w\" alt=\"\" width=\"1024\" height=\"135\" \/><\/a><\/p>\n<p>Componente encargado de la revisi\u00f3n, an\u00e1lisis de estudios de cierres t\u00e9cnicos de botaderos, celdas emergentes y proyectos de gesti\u00f3n integral de residuos s\u00f3lidos o de cualquiera de sus fases para su emisi\u00f3n de viabilidad t\u00e9cnica; revisi\u00f3n y an\u00e1lisis de planes de gesti\u00f3n integral de residuos s\u00f3lidos no peligrosos y sanitarios, declaraciones anuales sobre la generaci\u00f3n y gesti\u00f3n de residuos s\u00f3lidos no peligrosos, capacitaciones y\/o asesoramiento t\u00e9cnico a los 221 GADM a nivel nacional en temas inherentes al manejo de la gesti\u00f3n integral de residuos s\u00f3lidos no peligrosos.<\/p>\n<p><a href=\"https:\/\/app.powerbi.com\/view?r=eyJrIjoiMWQ3MDI0NjQtZWM4YS00M2RlLWJmYjMtZjNiNjMwZjM2MTJlIiwidCI6ImI5MmFkMDkzLTRhODYtNGZiNS1hY2VhLWNlMWU1ZmJiYWIxMyJ9&amp;pageName=ReportSectiond5848c462013b45b0a80\" target=\"_blank\" rel=\"noopener\"><img decoding=\"async\" class=\"aligncenter size-full wp-image-4869\" src=\"https:\/\/www.ambienteyenergia.gob.ec\/ambiente\/wp-content\/uploads\/downloads\/2023\/07\/D-2021.jpeg\" width=\"100%\" \/><\/a><\/p>\n<p><a href=\"https:\/\/app.powerbi.com\/view?r=eyJrIjoiZDJkNDVkYTEtZDA1YS00ODFjLTg3MjgtYTFkZDcwNGVlNDI3IiwidCI6ImI5MmFkMDkzLTRhODYtNGZiNS1hY2VhLWNlMWU1ZmJiYWIxMyJ9\" target=\"_blank\" rel=\"noopener\"><img decoding=\"async\" class=\"aligncenter size-full wp-image-4869\" src=\"https:\/\/www.ambienteyenergia.gob.ec\/ambiente\/wp-content\/uploads\/downloads\/2023\/07\/D-2022.jpeg\" width=\"100%\" \/><\/a><\/p>\n<p><a href=\"https:\/\/app.powerbi.com\/view?r=eyJrIjoiYmEzZDg0ZmEtMjBhNi00ZmU5LWE4MWUtMDdlYTkzYTU0NGU5IiwidCI6ImI5MmFkMDkzLTRhODYtNGZiNS1hY2VhLWNlMWU1ZmJiYWIxMyJ9\" target=\"_blank\" rel=\"noopener\"><img decoding=\"async\" class=\"aligncenter size-full wp-image-4869\" src=\"https:\/\/www.ambienteyenergia.gob.ec\/ambiente\/wp-content\/uploads\/downloads\/2024\/10\/municipales.png\" width=\"100%\" \/><\/a><\/p>\n<p><a href=\"https:\/\/nextcloud.ambiente.gob.ec\/index.php\/s\/WjyxCnWEKbazHRX\" target=\"_blank\" rel=\"noopener\"><img decoding=\"async\" class=\"aligncenter size-full wp-image-4869\" src=\"https:\/\/www.ambienteyenergia.gob.ec\/ambiente\/wp-content\/uploads\/downloads\/2024\/10\/map-gre-1.jpeg\" width=\"100%\" \/><\/a><\/p>\n<p><a href=\"https:\/\/nextcloud.ambiente.gob.ec\/index.php\/s\/LXY8QiBDbKy3nNA\" target=\"_blank\" rel=\"noopener\"><img decoding=\"async\" class=\"aligncenter size-full wp-image-4869\" src=\"https:\/\/www.ambienteyenergia.gob.ec\/ambiente\/wp-content\/uploads\/downloads\/2024\/10\/map-gre-2.jpeg\" width=\"100%\" \/><\/a><\/p>\n<p>___________________________________<\/p>\n<p style=\"text-align: right;\"><em><a href=\"https:\/\/www.ambienteyenergia.gob.ec\/ambiente\/proyecto-gestion-de-residuos-solidos-y-economia-circular-inclusiva-greci\/\"><strong>&lt;&lt;<\/strong>\u00a0Regresar<\/a><\/em><\/p>\n","protected":false},"excerpt":{"rendered":"<p class=\"excerpt\">Componente encargado de la revisi\u00f3n, an\u00e1lisis de estudios de cierres t\u00e9cnicos de botaderos, celdas emergentes y proyectos de gesti\u00f3n integral de residuos s\u00f3lidos o de cualquiera de sus fases para su emisi\u00f3n de viabilidad t\u00e9cnica; revisi\u00f3n y an\u00e1lisis de planes de gesti\u00f3n integral de residuos s\u00f3lidos no peligrosos y sanitarios, declaraciones anuales sobre la generaci\u00f3n y gesti\u00f3n de residuos s\u00f3lidos&hellip; <a href=\"https:\/\/www.ambienteyenergia.gob.ec\/ambiente\/c3-pronunciamientos-y-asistencia-tecnica-sobre-gestion-de-residuos-solidos-municipales-realizados\/\">Read more &rarr;<\/a><\/p>\n","protected":false},"author":8,"featured_media":0,"comment_status":"closed","ping_status":"closed","sticky":false,"template":"","format":"standard","meta":{"footnotes":""},"categories":[20],"tags":[],"class_list":["post-44971","post","type-post","status-publish","format-standard","hentry","category-el-ministerio","xfolkentry"],"_links":{"self":[{"href":"https:\/\/www.ambienteyenergia.gob.ec\/ambiente\/wp-json\/wp\/v2\/posts\/44971","targetHints":{"allow":["GET"]}}],"collection":[{"href":"https:\/\/www.ambienteyenergia.gob.ec\/ambiente\/wp-json\/wp\/v2\/posts"}],"about":[{"href":"https:\/\/www.ambienteyenergia.gob.ec\/ambiente\/wp-json\/wp\/v2\/types\/post"}],"author":[{"embeddable":true,"href":"https:\/\/www.ambienteyenergia.gob.ec\/ambiente\/wp-json\/wp\/v2\/users\/8"}],"replies":[{"embeddable":true,"href":"https:\/\/www.ambienteyenergia.gob.ec\/ambiente\/wp-json\/wp\/v2\/comments?post=44971"}],"version-history":[{"count":3,"href":"https:\/\/www.ambienteyenergia.gob.ec\/ambiente\/wp-json\/wp\/v2\/posts\/44971\/revisions"}],"predecessor-version":[{"id":46577,"href":"https:\/\/www.ambienteyenergia.gob.ec\/ambiente\/wp-json\/wp\/v2\/posts\/44971\/revisions\/46577"}],"wp:attachment":[{"href":"https:\/\/www.ambienteyenergia.gob.ec\/ambiente\/wp-json\/wp\/v2\/media?parent=44971"}],"wp:term":[{"taxonomy":"category","embeddable":true,"href":"https:\/\/www.ambienteyenergia.gob.ec\/ambiente\/wp-json\/wp\/v2\/categories?post=44971"},{"taxonomy":"post_tag","embeddable":true,"href":"https:\/\/www.ambienteyenergia.gob.ec\/ambiente\/wp-json\/wp\/v2\/tags?post=44971"}],"curies":[{"name":"wp","href":"https:\/\/api.w.org\/{rel}","templated":true}]}}