{"id":44960,"date":"2023-09-15T11:32:17","date_gmt":"2023-09-15T16:32:17","guid":{"rendered":"https:\/\/www.ambiente.gob.ec\/?p=44960"},"modified":"2024-10-25T15:45:46","modified_gmt":"2024-10-25T20:45:46","slug":"proyecto-gestion-de-residuos-solidos-y-economia-circular-inclusiva-greci","status":"publish","type":"post","link":"https:\/\/www.ambienteyenergia.gob.ec\/ambiente\/proyecto-gestion-de-residuos-solidos-y-economia-circular-inclusiva-greci\/","title":{"rendered":"Proyecto Gesti\u00f3n de Residuos S\u00f3lidos y Econom\u00eda Circular Inclusiva-GRECI"},"content":{"rendered":"<p><img loading=\"lazy\" decoding=\"async\" class=\"wp-image-40090 img-responsive\" src=\"https:\/\/www.ambienteyenergia.gob.ec\/ambiente\/wp-content\/uploads\/proyecto-greci.jpg\" sizes=\"auto, (max-width: 1024px) 100vw, 1024px\" srcset=\"https:\/\/www.ambienteyenergia.gob.ec\/ambiente\/wp-content\/uploads\/proyecto-greci.jpg 1024w, https:\/\/www.ambienteyenergia.gob.ec\/ambiente\/wp-content\/uploads\/proyecto-greci.jpg 300w, https:\/\/www.ambienteyenergia.gob.ec\/ambiente\/wp-content\/uploads\/proyecto-greci.jpg 768w, https:\/\/www.ambienteyenergia.gob.ec\/ambiente\/wp-content\/uploads\/proyecto-greci.jpg 1185w\" alt=\"\" width=\"1024\" height=\"135\" \/><\/p>\n<p><strong>ANTECEDENTES:<\/strong><\/p>\n<p>Mediante oficio No SNP-SPN-2021-1298-OF de 29 de diciembre de 2021, la Secretar\u00eda Nacional de Planificaci\u00f3n emite el dictamen de prioridad al proyecto <em>\u00abGesti\u00f3n de residuos s\u00f3lidos y econom\u00eda circular inclusiva (GRECI)\u00bb <\/em>con un monto para su ejecuci\u00f3n de $2.406.333,13, para el per\u00edodo 2022-2025.<\/p>\n<p>Mediante informe t\u00e9cnico de 03 de enero de 2022, la Direcci\u00f3n de Planificaci\u00f3n e Inversi\u00f3n respecto del proyecto <em>\u00abGesti\u00f3n de residuos s\u00f3lidos y econom\u00eda circular inclusiva (GRECI)\u00bb<\/em>, concluye: <em>\u201c(\u2026) una vez que ha analizado la informaci\u00f3n del proyecto y su contribuci\u00f3n al Plan Creaci\u00f3n de Oportunidades 2021-2025 y a los Objetivos Estrat\u00e9gicos del Ministerio del Ambiente, Agua y Transici\u00f3n Ecol\u00f3gica, lo valida como \u201cEMBLEM\u00c1TICO\u201d conforme la normativa vigente y el an\u00e1lisis t\u00e9cnico realizado.\u201d.<\/em><\/p>\n<p>Mediante Acuerdo Ministerial Nro. MAATE-2022-001 de 07 de enero de 2022, la M\u00e1xima Autoridad de esta Cartera de Estado emite la declaratoria como <em>\u201cEMBLEM\u00c1TICO\u201d<\/em> al <em>Proyecto \u201cGesti\u00f3n de residuos s\u00f3lidos y econom\u00eda circular inclusiva \u2013 (GRECI)\u201d.<\/em><\/p>\n<p><strong>OBJETIVOS DEL PROYECTO<\/strong><\/p>\n<ul>\n<li><strong>Objetivo General:<\/strong><\/li>\n<\/ul>\n<p>Implementar la gesti\u00f3n integral de residuos y\/o desechos s\u00f3lidos, en el \u00e1mbito p\u00fablico y privado, con enfoque de econom\u00eda circular y reciclaje inclusivo, apoyada en tecnolog\u00eda e innovaci\u00f3n.<\/p>\n<ul>\n<li><strong>Objetivos Espec\u00edficos:<\/strong><strong>\u00a0<\/strong>\n<ul>\n<li>Desarrollar el Plan Nacional de residuos s\u00f3lidos no peligrosos.<\/li>\n<li>Elaborar la pol\u00edtica p\u00fablica de econom\u00eda circular y reciclaje Inclusivo.<\/li>\n<li>Realizar pronunciamientos y asistencia t\u00e9cnica sobre gesti\u00f3n de residuos s\u00f3lidos no peligrosos municipales.<\/li>\n<li>Realizar pronunciamientos y asistencia t\u00e9cnica sobre responsabilidad extendida al productor \/ importador.<\/li>\n<li>Desarrollar informaci\u00f3n sobre gesti\u00f3n y tr\u00e1mites simplificados de residuos s\u00f3lidos no peligrosos<\/li>\n<\/ul>\n<\/li>\n<\/ul>\n<p>___________________________________<\/p>\n<p><strong>ALINEACI\u00d3N CON LOS OBJETIVOS DE DESARROLLO SOSTENIBLE 2030<\/strong><\/p>\n<p><strong>Eje: <\/strong>Objetivos de Desarrollo Sostenible (2030) y su articulaci\u00f3n con la gesti\u00f3n de residuos y desechos s\u00f3lidos.<\/p>\n<p><strong>ODS: <\/strong>La Agenda 2030 para el Desarrollo Sostenible contempla 17 objetivos de desarrollo sostenible que deben cumplirse hasta el 2030 y que se reflejan en 169 metas y 231 indicadores.<\/p>\n<p><strong>Objetivo de la ODS: <\/strong>Garantizar modalidades de consumo y producci\u00f3n sostenible.<\/p>\n<p><strong>Meta 12 para 2030: <\/strong>Disminuir de manera sustancial la generaci\u00f3n de residuos y desechos s\u00f3lidos mediante pol\u00edticas de prevenci\u00f3n, reducci\u00f3n, reciclaje y reutilizaci\u00f3n.<\/p>\n<p>___________________________________<\/p>\n<p><strong>ALINEACI\u00d3N CON EL PLAN NACIONAL DE DESARROLLO (PND) 2021-2025<\/strong><\/p>\n<p><strong>Eje: <\/strong>Transici\u00f3n Ecol\u00f3gica<\/p>\n<p><strong>Objetivo del PND: <\/strong>Objetivo 12: \u201cFomentar modelos de desarrollo sostenibles aplicando medidas de adaptaci\u00f3n y mitigaci\u00f3n al Cambio Clim\u00e1tico\u201d del Plan de Creaci\u00f3n de Oportunidades \u201c2021-2025\u201d.<\/p>\n<p><strong>Pol\u00edtica del PND: <\/strong>12.2. Promover modelos circulares que respeten la capacidad de carga de los ecosistemas oce\u00e1nicos, marino-costeros y terrestres, permitiendo su recuperaci\u00f3n; as\u00ed como, la reducci\u00f3n de la contaminaci\u00f3n y la presi\u00f3n sobre los recursos naturales e h\u00eddricos.<\/p>\n<p><strong>Meta del PND: <\/strong>12.2.1. Incrementar de 0% a 20% la recuperaci\u00f3n de los residuos y\/o desechos en el marco de la aplicaci\u00f3n de las pol\u00edticas de responsabilidad extendida al productor.<\/p>\n<p>___________________________________<\/p>\n<p><strong>COMPONENTES DEL PROYECTO<\/strong><\/p>\n<p><strong>C1. <\/strong><a href=\"https:\/\/www.ambienteyenergia.gob.ec\/ambiente\/c1-plan-nacional-de-residuos-solidos-no-peligrosos-desarrollado\/\" rel=\"noopener\">PLAN NACIONAL DE RESIDUOS S\u00d3LIDOS NO PELIGROSOS DESARROLLADO<\/a><\/p>\n<p><strong>C2. <\/strong><a href=\"https:\/\/www.ambienteyenergia.gob.ec\/ambiente\/c2-politica-publica-de-economia-circular-y-reciclaje-inclusivo-elaborada\/\" rel=\"noopener\">POL\u00cdTICA P\u00daBLICA DE ECONOM\u00cdA CIRCULAR Y RECICLAJE INCLUSIVO ELABORADA<\/a><\/p>\n<p><strong>C3. <\/strong><a href=\"https:\/\/www.ambienteyenergia.gob.ec\/ambiente\/c3-pronunciamientos-y-asistencia-tecnica-sobre-gestion-de-residuos-solidos-municipales-realizados\/\">PRONUNCIAMIENTOS Y ASISTENCIA T\u00c9CNICA SOBRE GESTI\u00d3N DE RESIDUOS S\u00d3LIDOS MUNICIPALES REALIZADOS<\/a><\/p>\n<p><strong>C4. <\/strong><a href=\"https:\/\/www.ambienteyenergia.gob.ec\/ambiente\/c4-pronunciamientos-y-asistencia-tecnica-sobre-responsabilidad-extendida-al-productor-realizados\/\">PRONUNCIAMIENTOS Y ASISTENCIA T\u00c9CNICA SOBRE RESPONSABILIDAD EXTENDIDA AL PRODUCTOR REALIZADOS<\/a><\/p>\n<p><strong>C5. <\/strong><a href=\"https:\/\/www.ambienteyenergia.gob.ec\/ambiente\/c5-informacion-sobre-gestion-y-tramites-simplificados-eficientes-de-residuos-solidos-no-peligrosos-desarrollado\/\">INFORMACI\u00d3N SOBRE GESTI\u00d3N Y TR\u00c1MITES SIMPLIFICADOS\/EFICIENTES DE RESIDUOS S\u00d3LIDOS NO PELIGROSOS DESARROLLADO.<\/a><\/p>\n<p>___________________________________<\/p>\n<ul>\n<li><strong>La Estrategia Nacional de Econom\u00eda Circular Inclusiva (ENECI) de Ecuador<\/strong><br \/>\nEstrategia desarrollada por el MAATE y el MPCEIP, impulsa la transici\u00f3n hacia un modelo econ\u00f3mico sostenible y circular. Se enfoca en cinco ejes estrat\u00e9gicos: pol\u00edtica p\u00fablica, cooperaci\u00f3n y financiamiento, producci\u00f3n y consumo sostenible, innovaci\u00f3n e investigaci\u00f3n, y planificaci\u00f3n urbana circular. Estos pilares buscan optimizar recursos, reducir residuos y fomentar alianzas para fortalecer la econom\u00eda circular en sectores clave del pa\u00eds.<a href=\"https:\/\/www.ambienteyenergia.gob.ec\/ambiente\/wp-content\/uploads\/downloads\/2024\/10\/Estrategia-Nacional-de-Economia-Circular-Inclusiva-ENECI.pdf\" target=\"_blank\" rel=\"noopener\">\u00a0Descargar \u2193<\/a><\/li>\n<\/ul>\n<p>___________________________________<\/p>\n","protected":false},"excerpt":{"rendered":"<p class=\"excerpt\">ANTECEDENTES: Mediante oficio No SNP-SPN-2021-1298-OF de 29 de diciembre de 2021, la Secretar\u00eda Nacional de Planificaci\u00f3n emite el dictamen de prioridad al proyecto \u00abGesti\u00f3n de residuos s\u00f3lidos y econom\u00eda circular inclusiva (GRECI)\u00bb con un monto para su ejecuci\u00f3n de $2.406.333,13, para el per\u00edodo 2022-2025. Mediante informe t\u00e9cnico de 03 de enero de 2022, la Direcci\u00f3n de Planificaci\u00f3n e Inversi\u00f3n respecto&hellip; <a href=\"https:\/\/www.ambienteyenergia.gob.ec\/ambiente\/proyecto-gestion-de-residuos-solidos-y-economia-circular-inclusiva-greci\/\">Read more &rarr;<\/a><\/p>\n","protected":false},"author":8,"featured_media":0,"comment_status":"closed","ping_status":"closed","sticky":false,"template":"","format":"standard","meta":{"footnotes":""},"categories":[20],"tags":[],"class_list":["post-44960","post","type-post","status-publish","format-standard","hentry","category-el-ministerio","xfolkentry"],"_links":{"self":[{"href":"https:\/\/www.ambienteyenergia.gob.ec\/ambiente\/wp-json\/wp\/v2\/posts\/44960","targetHints":{"allow":["GET"]}}],"collection":[{"href":"https:\/\/www.ambienteyenergia.gob.ec\/ambiente\/wp-json\/wp\/v2\/posts"}],"about":[{"href":"https:\/\/www.ambienteyenergia.gob.ec\/ambiente\/wp-json\/wp\/v2\/types\/post"}],"author":[{"embeddable":true,"href":"https:\/\/www.ambienteyenergia.gob.ec\/ambiente\/wp-json\/wp\/v2\/users\/8"}],"replies":[{"embeddable":true,"href":"https:\/\/www.ambienteyenergia.gob.ec\/ambiente\/wp-json\/wp\/v2\/comments?post=44960"}],"version-history":[{"count":15,"href":"https:\/\/www.ambienteyenergia.gob.ec\/ambiente\/wp-json\/wp\/v2\/posts\/44960\/revisions"}],"predecessor-version":[{"id":46558,"href":"https:\/\/www.ambienteyenergia.gob.ec\/ambiente\/wp-json\/wp\/v2\/posts\/44960\/revisions\/46558"}],"wp:attachment":[{"href":"https:\/\/www.ambienteyenergia.gob.ec\/ambiente\/wp-json\/wp\/v2\/media?parent=44960"}],"wp:term":[{"taxonomy":"category","embeddable":true,"href":"https:\/\/www.ambienteyenergia.gob.ec\/ambiente\/wp-json\/wp\/v2\/categories?post=44960"},{"taxonomy":"post_tag","embeddable":true,"href":"https:\/\/www.ambienteyenergia.gob.ec\/ambiente\/wp-json\/wp\/v2\/tags?post=44960"}],"curies":[{"name":"wp","href":"https:\/\/api.w.org\/{rel}","templated":true}]}}