{"id":44185,"date":"2023-07-15T09:06:00","date_gmt":"2023-07-15T14:06:00","guid":{"rendered":"https:\/\/www.ambiente.gob.ec\/?p=44185"},"modified":"2023-07-15T09:06:00","modified_gmt":"2023-07-15T14:06:00","slug":"el-jaguar-especie-emblematica-del-ecuador-ya-cuenta-con-un-plan-de-accion-para-su-conservacion","status":"publish","type":"post","link":"https:\/\/www.ambienteyenergia.gob.ec\/ambiente\/el-jaguar-especie-emblematica-del-ecuador-ya-cuenta-con-un-plan-de-accion-para-su-conservacion\/","title":{"rendered":"El Jaguar, especie emblem\u00e1tica del Ecuador, ya cuenta con un plan de acci\u00f3n para su conservaci\u00f3n"},"content":{"rendered":"<p style=\"text-align: right;\"><strong>Bolet\u00edn N\u00b0 087<\/strong><\/p>\n<p style=\"text-align: right;\"><strong>15 de julio de 2023<\/strong><strong>\u00a0<\/strong><\/p>\n<ul>\n<li><strong><em>En Ecuador, las poblaciones de jaguares que habitan en la Amazon\u00eda est\u00e1n catalogadas como \u00aben peligro\u00bb y aquellas que est\u00e1n en la costa norte en \u00abpeligro cr\u00edtico\u00bb, seg\u00fan la lista roja de mam\u00edferos del Ecuador del 2021.<\/em><\/strong><\/li>\n<\/ul>\n<p>El Ministerio de Ambiente, Agua y Transici\u00f3n Ecol\u00f3gica MAATE y el Fondo Mundial para la Naturaleza (WWF por sus siglas en ingl\u00e9s), durante un evento realizado en el Jard\u00edn Bot\u00e1nico de Quito, presentaron el Plan de Acci\u00f3n para la conservaci\u00f3n del Jaguar, cuyo objetivo es fomentar la conservaci\u00f3n in situ y ex situ de esta especie a trav\u00e9s de la implementaci\u00f3n de herramientas actualizadas de conservaci\u00f3n y acciones para mitigar sus amenazas. El encuentro fue liderado por el Ministro Jos\u00e9 Antonio D\u00e1valos y Tarsicio Granizo, director de WWF Ecuador.<\/p>\n<p>Este plan inici\u00f3 con la revisi\u00f3n y actualizaci\u00f3n de su equivalente desarrollado en el a\u00f1o 2015 con el apoyo de WCS, para conocer el punto de partida y el avance de las actividades establecidas previamente, sus limitaciones y experiencias positivas. A partir de esta revisi\u00f3n, se generaron recomendaciones de diversos actores que participaron en mesas de trabajo a fin de definir objetivos, metas e indicadores para el periodo 2022-2031.<\/p>\n<p>El Plan fue desarrollado con la participaci\u00f3n de aproximadamente 25 organizaciones y m\u00e1s de 150 personas en 10 talleres, considerando cinco l\u00edneas estrat\u00e9gicas de acci\u00f3n: investigaci\u00f3n, conservaci\u00f3n in situ, educaci\u00f3n y comunicaci\u00f3n, conservaci\u00f3n ex situ y gobernanza.\u00a0 Durante estos talleres se enfatiz\u00f3 la importancia del bienestar de las poblaciones de jaguar, pues es un indicador de la salud de los bosques, la calidad del agua y el estado de otras especies, beneficiando as\u00ed a las comunidades que coexisten con esta especie. A trav\u00e9s de este documento tambi\u00e9n se promover\u00e1 el desarrollo de actividades econ\u00f3micas sustentables dentro de las comunidades, as\u00ed como la protecci\u00f3n y conservaci\u00f3n de esta especie.<\/p>\n<p>Durante su intervenci\u00f3n, Jos\u00e9 Antonio D\u00e1valos, ministro del Ambiente, Agua y Transici\u00f3n Ecol\u00f3gica, se\u00f1al\u00f3 que \u201cla presencia de cada uno de ustedes es la muestra del gran compromiso que tenemos por trabajar juntos en la protecci\u00f3n de esta especie y sus ecosistemas; para nosotros, como parte del Gobierno Nacional, es un honor compartir esta gran noticia: la actualizaci\u00f3n del \u201cPlan de acci\u00f3n para la conservaci\u00f3n del Jaguar\u201d, una herramienta para garantizar su supervivencia, sin duda su inplementaci\u00f3n traer\u00e1 grandes resultados en beneficio del pa\u00eds\u201d.<\/p>\n<p>A nivel mundial los h\u00e1bitats del jaguar representan el 8.6% de la superficie de la Tierra, pero sustentan casi el 28% de la biodiversidad y proporcionan m\u00e1s del 17% del almacenamiento y captura de carbono del planeta. Adem\u00e1s, generan beneficios a 53 millones de personas que viven en su entorno, por lo tanto, si cuidamos al jaguar y sus h\u00e1bitats, avanzar\u00edamos en el cumplimiento de al menos 11 de los 17 objetivos de desarrollo sostenible ODS, por los beneficios sociales, ambientales y econ\u00f3micos asociados con los bosques y r\u00edos saludables.<\/p>\n<p>Por su parte, Tarsicio Granizo, director de WWF Ecuador, a\u00f1adi\u00f3 que \u00abeste plan de Acci\u00f3n para la Conservaci\u00f3n del Jaguar ha sido un gran esfuerzo, pues se enmarca dentro de una prioridad de nuestra organizaci\u00f3n en 14 pa\u00edses de Am\u00e9rica: la Estrategia regional de Conservaci\u00f3n de Jaguar. El Plan en Ecuador nos marca el camino para cuidar la salud de esta especie y sus h\u00e1bitats, para asegurar tambi\u00e9n el bienestar de las comunidades humanas que dependen de la salud de esos bosques, r\u00edos y humedales\u00bb.<\/p>\n<p>Bajo el lema \u00abTodos Somos Jaguar\u00bb, los diferentes actores suscribieron simb\u00f3licamente un compromiso para juntos contribuir en la conservaci\u00f3n de este felino y de los ecosistemas que son su hogar. As\u00ed, en el evento se resalt\u00f3 que las acciones para proteger a esta especie deben ser coordinadas con m\u00faltiples actores y articuladas con los sectores p\u00fablico y privado.<\/p>\n<p>Invitamos a la ciudadan\u00eda a ser parte activa de las acciones que hoy fueron anunciadas, reconociendo la importancia de proteger y conservar los h\u00e1bitats que son clave para la vida de las comunidades que coexisten con el jaguar, y juntos construir el Ecuador que tanto anhelamos.<\/p>\n<p><strong>Ministerio del Ambiente, Agua y Transici\u00f3n Ecol\u00f3gica<\/strong><\/p>\n<p><strong>WWF Ecuador<\/strong><\/p>\n","protected":false},"excerpt":{"rendered":"<p class=\"excerpt\">Bolet\u00edn N\u00b0 087 15 de julio de 2023\u00a0 En Ecuador, las poblaciones de jaguares que habitan en la Amazon\u00eda est\u00e1n catalogadas como \u00aben peligro\u00bb y aquellas que est\u00e1n en la costa norte en \u00abpeligro cr\u00edtico\u00bb, seg\u00fan la lista roja de mam\u00edferos del Ecuador del 2021. El Ministerio de Ambiente, Agua y Transici\u00f3n Ecol\u00f3gica MAATE y el Fondo Mundial para la&hellip; <a href=\"https:\/\/www.ambienteyenergia.gob.ec\/ambiente\/el-jaguar-especie-emblematica-del-ecuador-ya-cuenta-con-un-plan-de-accion-para-su-conservacion\/\">Read more &rarr;<\/a><\/p>\n","protected":false},"author":8,"featured_media":44186,"comment_status":"closed","ping_status":"closed","sticky":false,"template":"","format":"standard","meta":{"footnotes":""},"categories":[4,10],"tags":[],"class_list":["post-44185","post","type-post","status-publish","format-standard","has-post-thumbnail","hentry","category-noticias","category-noticias-destacadas","xfolkentry"],"_links":{"self":[{"href":"https:\/\/www.ambienteyenergia.gob.ec\/ambiente\/wp-json\/wp\/v2\/posts\/44185","targetHints":{"allow":["GET"]}}],"collection":[{"href":"https:\/\/www.ambienteyenergia.gob.ec\/ambiente\/wp-json\/wp\/v2\/posts"}],"about":[{"href":"https:\/\/www.ambienteyenergia.gob.ec\/ambiente\/wp-json\/wp\/v2\/types\/post"}],"author":[{"embeddable":true,"href":"https:\/\/www.ambienteyenergia.gob.ec\/ambiente\/wp-json\/wp\/v2\/users\/8"}],"replies":[{"embeddable":true,"href":"https:\/\/www.ambienteyenergia.gob.ec\/ambiente\/wp-json\/wp\/v2\/comments?post=44185"}],"version-history":[{"count":1,"href":"https:\/\/www.ambienteyenergia.gob.ec\/ambiente\/wp-json\/wp\/v2\/posts\/44185\/revisions"}],"predecessor-version":[{"id":44187,"href":"https:\/\/www.ambienteyenergia.gob.ec\/ambiente\/wp-json\/wp\/v2\/posts\/44185\/revisions\/44187"}],"wp:featuredmedia":[{"embeddable":true,"href":"https:\/\/www.ambienteyenergia.gob.ec\/ambiente\/wp-json\/wp\/v2\/media\/44186"}],"wp:attachment":[{"href":"https:\/\/www.ambienteyenergia.gob.ec\/ambiente\/wp-json\/wp\/v2\/media?parent=44185"}],"wp:term":[{"taxonomy":"category","embeddable":true,"href":"https:\/\/www.ambienteyenergia.gob.ec\/ambiente\/wp-json\/wp\/v2\/categories?post=44185"},{"taxonomy":"post_tag","embeddable":true,"href":"https:\/\/www.ambienteyenergia.gob.ec\/ambiente\/wp-json\/wp\/v2\/tags?post=44185"}],"curies":[{"name":"wp","href":"https:\/\/api.w.org\/{rel}","templated":true}]}}