{"id":43991,"date":"2023-07-10T17:08:44","date_gmt":"2023-07-10T22:08:44","guid":{"rendered":"https:\/\/www.ambiente.gob.ec\/?p=43991"},"modified":"2023-07-11T08:44:05","modified_gmt":"2023-07-11T13:44:05","slug":"24-especies-de-vida-silvestre-volvieron-a-su-habitat-natural-en-el-yasuni","status":"publish","type":"post","link":"https:\/\/www.ambienteyenergia.gob.ec\/ambiente\/24-especies-de-vida-silvestre-volvieron-a-su-habitat-natural-en-el-yasuni\/","title":{"rendered":"24 especies de vida silvestre volvieron a su h\u00e1bitat natural en el Yasun\u00ed"},"content":{"rendered":"<p style=\"text-align: right;\"><strong>Bolet\u00edn N\u00b0 084<\/strong><br \/>\n<strong>10 de julio de 2023<\/strong><\/p>\n<ul>\n<li><strong><em>En lo que va del a\u00f1o 2023, setenta y cuatro animales han sido liberados en varias zonas de conservaci\u00f3n en la provincia de Orellana.<\/em><\/strong><\/li>\n<\/ul>\n<p>Luego de tres meses de valoraci\u00f3n veterinaria, 24 espec\u00edmenes de vida silvestre fueron liberados en el Parque Nacional Yasun\u00ed. En esta actividad participaron guardaparques del \u00e1rea protegida, personal t\u00e9cnico del Ministerio del Ambiente, Agua y Transici\u00f3n Ecol\u00f3gica y moradores de la zona de amortiguamiento. Los animales, que fueron atendidos en el Zool\u00f3gico Municipal Coca Zoo, se encontraban en condiciones adecuadas para su retorno al medio silvestre.<\/p>\n<p>Los individuos liberados fueron: trece tortugas motelos (<em>Chelonoides denticulatus<\/em>), dos caimanes frente lisa (<em>Paleosuchus trigonatus<\/em>), tres tortugas taparrabo de la Amazon\u00eda (<em>Kinosternon scorpioides<\/em>), una charapitas de aguajal (<em>Platemys platycephala<\/em>), una boa matacaballo (<em>Boa <\/em><em>constrictor<\/em>), un armadillo de cola desnuda del sur (<em>Cabassous unicinctus<\/em>), una avefr\u00eda sure\u00f1a (<em>Vanellus chilensis<\/em>), un perezoso de dos dedos de Hoffmann (<em>Choloepus hoffmanni<\/em>) y un perezoso de garganta marr\u00f3n (<em>Bradypus variegatus<\/em>).<\/p>\n<p>Diego Naranjo, t\u00e9cnico de Vida Silvestre, se\u00f1al\u00f3 que \u201cel cuidado y protecci\u00f3n de la fauna silvestre, mediante las diversas actividades de patrullajes y rescate de especies en las v\u00edas, entre otras que desarrolla el personal de la Oficina T\u00e9cnica en territorio, aseguran la conservaci\u00f3n de la biodiversidad amaz\u00f3nica. La reinserci\u00f3n de especies es el resultado de un trabajo conjunto exitoso\u201d.<\/p>\n<p>Estos animales fueron rescatados gracias a las actividades de control que ejecuta esta cartera de Estado, en coordinaci\u00f3n con la Unidad de Protecci\u00f3n del Medio Ambiente &#8211; UPMA de la Polic\u00eda Nacional y la oportuna colaboraci\u00f3n de la ciudadan\u00eda en varios cantones de la provincia de Orellana. Adicionalmente, con fines preventivos, esta cartera de Estado desarrolla campa\u00f1as permanentes de educaci\u00f3n ambiental sobre la importancia de proteger el patrimonio natural.<\/p>\n<p><strong>Direcci\u00f3n de Comunicaci\u00f3n <\/strong><br \/>\n<strong>Ministerio del Ambiente, Agua y Transici\u00f3n Ecol\u00f3gica<\/strong><\/p>\n","protected":false},"excerpt":{"rendered":"<p class=\"excerpt\">Bolet\u00edn N\u00b0 084 10 de julio de 2023 En lo que va del a\u00f1o 2023, setenta y cuatro animales han sido liberados en varias zonas de conservaci\u00f3n en la provincia de Orellana. Luego de tres meses de valoraci\u00f3n veterinaria, 24 espec\u00edmenes de vida silvestre fueron liberados en el Parque Nacional Yasun\u00ed. En esta actividad participaron guardaparques del \u00e1rea protegida, personal&hellip; <a href=\"https:\/\/www.ambienteyenergia.gob.ec\/ambiente\/24-especies-de-vida-silvestre-volvieron-a-su-habitat-natural-en-el-yasuni\/\">Read more &rarr;<\/a><\/p>\n","protected":false},"author":8,"featured_media":43992,"comment_status":"closed","ping_status":"closed","sticky":false,"template":"","format":"standard","meta":{"footnotes":""},"categories":[4,10],"tags":[],"class_list":["post-43991","post","type-post","status-publish","format-standard","has-post-thumbnail","hentry","category-noticias","category-noticias-destacadas","xfolkentry"],"_links":{"self":[{"href":"https:\/\/www.ambienteyenergia.gob.ec\/ambiente\/wp-json\/wp\/v2\/posts\/43991","targetHints":{"allow":["GET"]}}],"collection":[{"href":"https:\/\/www.ambienteyenergia.gob.ec\/ambiente\/wp-json\/wp\/v2\/posts"}],"about":[{"href":"https:\/\/www.ambienteyenergia.gob.ec\/ambiente\/wp-json\/wp\/v2\/types\/post"}],"author":[{"embeddable":true,"href":"https:\/\/www.ambienteyenergia.gob.ec\/ambiente\/wp-json\/wp\/v2\/users\/8"}],"replies":[{"embeddable":true,"href":"https:\/\/www.ambienteyenergia.gob.ec\/ambiente\/wp-json\/wp\/v2\/comments?post=43991"}],"version-history":[{"count":2,"href":"https:\/\/www.ambienteyenergia.gob.ec\/ambiente\/wp-json\/wp\/v2\/posts\/43991\/revisions"}],"predecessor-version":[{"id":44012,"href":"https:\/\/www.ambienteyenergia.gob.ec\/ambiente\/wp-json\/wp\/v2\/posts\/43991\/revisions\/44012"}],"wp:featuredmedia":[{"embeddable":true,"href":"https:\/\/www.ambienteyenergia.gob.ec\/ambiente\/wp-json\/wp\/v2\/media\/43992"}],"wp:attachment":[{"href":"https:\/\/www.ambienteyenergia.gob.ec\/ambiente\/wp-json\/wp\/v2\/media?parent=43991"}],"wp:term":[{"taxonomy":"category","embeddable":true,"href":"https:\/\/www.ambienteyenergia.gob.ec\/ambiente\/wp-json\/wp\/v2\/categories?post=43991"},{"taxonomy":"post_tag","embeddable":true,"href":"https:\/\/www.ambienteyenergia.gob.ec\/ambiente\/wp-json\/wp\/v2\/tags?post=43991"}],"curies":[{"name":"wp","href":"https:\/\/api.w.org\/{rel}","templated":true}]}}