{"id":42775,"date":"2023-04-01T14:56:56","date_gmt":"2023-04-01T19:56:56","guid":{"rendered":"https:\/\/www.ambiente.gob.ec\/?p=42775"},"modified":"2023-04-01T14:56:56","modified_gmt":"2023-04-01T19:56:56","slug":"ministerio-del-ambiente-agua-y-transicion-ecologica-promueve-el-uso-de-materiales-alternativos-durante-la-celebracion-del-domingo-de-ramos","status":"publish","type":"post","link":"https:\/\/www.ambienteyenergia.gob.ec\/ambiente\/ministerio-del-ambiente-agua-y-transicion-ecologica-promueve-el-uso-de-materiales-alternativos-durante-la-celebracion-del-domingo-de-ramos\/","title":{"rendered":"Ministerio del Ambiente, Agua y Transici\u00f3n Ecol\u00f3gica promueve el uso de materiales alternativos durante la celebraci\u00f3n del Domingo de Ramos"},"content":{"rendered":"<p style=\"text-align: right;\"><strong>Bolet\u00edn N\u00b0 040<\/strong><\/p>\n<p style=\"text-align: right;\"><strong>01 de marzo de 2023<\/strong><\/p>\n<ul>\n<li><strong><em>Actualmente, las poblaciones de palma de ramos en Ecuador est\u00e1n presentes en bosques maduros y secundarios, y en potreros en remanentes de bosques maduros.<\/em><\/strong><\/li>\n<\/ul>\n<p>Desde hace 18 a\u00f1os, esta cartera de Estado lleva a cabo la campa\u00f1a \u201cTradici\u00f3n y Conservaci\u00f3n van de la Mano\u201d, con el objetivo de sensibilizar a los devotos cat\u00f3licos sobre la importancia de no utilizar la palma de cera durante la celebraci\u00f3n del Domingo de Ramos y dar alternativas para la utilizaci\u00f3n de materiales alternativos como el uso de laurel, ma\u00edz, paja, arrayan, totora, entre otras especies de flora para esta ceremonia.<\/p>\n<p>En Ecuador se registra el uso de dos especies de palma de cera que se encuentran distribuidas en las provincias de Imbabura, Carchi, Pichincha, Cotopaxi, Bol\u00edvar, Azuay, Zamora Chinchipe, Morona Santiago, Chimborazo y Napo; generalmente estas palmas llegan a alcanzar una altura de entre los 8 a 25 metros y tarda aproximadamente 80 a\u00f1os en alcanzar su mayor tama\u00f1o y culminar su ciclo de vida.<\/p>\n<p>Esta especie tambi\u00e9n es el hogar del perico cachetidorado, que seg\u00fan la lista roja de aves del Ecuador 2022 se encuentra en peligro, y del loro orejiamarillo, que seg\u00fan la UICN 2022 se encuentra en categor\u00eda vulnerable y en la lista roja de aves de Ecuador 2019 en categor\u00eda cr\u00edticamente amenazado, posiblemente extinto.<\/p>\n<p>Adem\u00e1s, muchas especies de fauna se benefician de la palma de cera o ramos, ya que brinda alimento a mam\u00edferos como: osos de anteojos, monos, guantas, guatusas, dantas\/tapir, aves como loros tucanes.<\/p>\n<p>Este Ministerio promueve actividades enfocadas al manejo y aprovechamiento de esta planta, asegurando que el recurso sea aprovechado sosteniblemente para que las comunidades que conviven con la flora y fauna puedan verse beneficiadas de este recurso con el objetivo de reducir la pobreza, mejorar las condiciones ambientales y fomentar el crecimiento econ\u00f3mico de estas familias.<\/p>\n<p>Previo al Domingo de Ramos, personal de las distintas direcciones zonales\u00a0 del MAATE realiza operativos en mercados, plazas y zonas donde se comercializan los ramos, a nivel nacional, para evitar la comercializaci\u00f3n de esta especie y socializar esta campa\u00f1a.<\/p>\n<p><strong>Direcci\u00f3n de Comunicaci\u00f3n<\/strong><\/p>\n<p><strong>Ministerio del Ambiente, Agua y Transici\u00f3n Ecol\u00f3gica<\/strong><\/p>\n","protected":false},"excerpt":{"rendered":"<p class=\"excerpt\">Bolet\u00edn N\u00b0 040 01 de marzo de 2023 Actualmente, las poblaciones de palma de ramos en Ecuador est\u00e1n presentes en bosques maduros y secundarios, y en potreros en remanentes de bosques maduros. Desde hace 18 a\u00f1os, esta cartera de Estado lleva a cabo la campa\u00f1a \u201cTradici\u00f3n y Conservaci\u00f3n van de la Mano\u201d, con el objetivo de sensibilizar a los devotos&hellip; <a href=\"https:\/\/www.ambienteyenergia.gob.ec\/ambiente\/ministerio-del-ambiente-agua-y-transicion-ecologica-promueve-el-uso-de-materiales-alternativos-durante-la-celebracion-del-domingo-de-ramos\/\">Read more &rarr;<\/a><\/p>\n","protected":false},"author":8,"featured_media":42776,"comment_status":"closed","ping_status":"closed","sticky":false,"template":"","format":"standard","meta":{"footnotes":""},"categories":[4,10],"tags":[],"class_list":["post-42775","post","type-post","status-publish","format-standard","has-post-thumbnail","hentry","category-noticias","category-noticias-destacadas","xfolkentry"],"_links":{"self":[{"href":"https:\/\/www.ambienteyenergia.gob.ec\/ambiente\/wp-json\/wp\/v2\/posts\/42775","targetHints":{"allow":["GET"]}}],"collection":[{"href":"https:\/\/www.ambienteyenergia.gob.ec\/ambiente\/wp-json\/wp\/v2\/posts"}],"about":[{"href":"https:\/\/www.ambienteyenergia.gob.ec\/ambiente\/wp-json\/wp\/v2\/types\/post"}],"author":[{"embeddable":true,"href":"https:\/\/www.ambienteyenergia.gob.ec\/ambiente\/wp-json\/wp\/v2\/users\/8"}],"replies":[{"embeddable":true,"href":"https:\/\/www.ambienteyenergia.gob.ec\/ambiente\/wp-json\/wp\/v2\/comments?post=42775"}],"version-history":[{"count":1,"href":"https:\/\/www.ambienteyenergia.gob.ec\/ambiente\/wp-json\/wp\/v2\/posts\/42775\/revisions"}],"predecessor-version":[{"id":42777,"href":"https:\/\/www.ambienteyenergia.gob.ec\/ambiente\/wp-json\/wp\/v2\/posts\/42775\/revisions\/42777"}],"wp:featuredmedia":[{"embeddable":true,"href":"https:\/\/www.ambienteyenergia.gob.ec\/ambiente\/wp-json\/wp\/v2\/media\/42776"}],"wp:attachment":[{"href":"https:\/\/www.ambienteyenergia.gob.ec\/ambiente\/wp-json\/wp\/v2\/media?parent=42775"}],"wp:term":[{"taxonomy":"category","embeddable":true,"href":"https:\/\/www.ambienteyenergia.gob.ec\/ambiente\/wp-json\/wp\/v2\/categories?post=42775"},{"taxonomy":"post_tag","embeddable":true,"href":"https:\/\/www.ambienteyenergia.gob.ec\/ambiente\/wp-json\/wp\/v2\/tags?post=42775"}],"curies":[{"name":"wp","href":"https:\/\/api.w.org\/{rel}","templated":true}]}}