{"id":42766,"date":"2023-03-30T08:23:46","date_gmt":"2023-03-30T13:23:46","guid":{"rendered":"https:\/\/www.ambiente.gob.ec\/?p=42766"},"modified":"2023-03-30T08:23:46","modified_gmt":"2023-03-30T13:23:46","slug":"reduce-tus-impuestos-mientras-cuidas-el-ambiente-con-la-doble-deducibilidad-para-proyectos-ambientales","status":"publish","type":"post","link":"https:\/\/www.ambienteyenergia.gob.ec\/ambiente\/reduce-tus-impuestos-mientras-cuidas-el-ambiente-con-la-doble-deducibilidad-para-proyectos-ambientales\/","title":{"rendered":"Reduce tus impuestos mientras cuidas el ambiente con la doble deducibilidad para proyectos ambientales"},"content":{"rendered":"<p style=\"text-align: right;\"><strong>Bolet\u00edn N\u00b0 38<\/strong><br \/>\n<strong>Quito, 30 de marzo del 2023<\/strong><\/p>\n<ul>\n<li><strong>Gracias a esta propuesta del Ministerio del Ambiente, Agua y Transici\u00f3n Ecol\u00f3gica, las empresas del pa\u00eds pueden deducir el 100% adicional para el c\u00e1lculo de la basen imponible del impuesto a la renta mediante proyectos ambientales. <\/strong><\/li>\n<li><strong>Este beneficio tributario est\u00e1 basado en lo que establece el numeral 26 del art\u00edculo 10 de la Ley de R\u00e9gimen Tributario Interno. <\/strong><\/li>\n<\/ul>\n<p>La empresa privada y actores medioambientales pueden acceder al beneficio tributario que permite deducir el 100% adicional para el c\u00e1lculo de la base imponible del impuesto a la renta a las donaciones, inversiones y patrocinios que se destinen a favor de proyectos ambientales y relacionados al agua. <strong>As\u00ed, si una empresa invierte USD 5 mil en un proyecto de reparaci\u00f3n podr\u00e1 deducir USD 10 mil de su base imponible de impuesto a la renta.<\/strong><\/p>\n<p>Este beneficio aplica tambi\u00e9n a actores vinculados al cuidado del ambiente y el agua, quienes podr\u00e1n financiar sus proyectos con el apoyo de la empresa privada. Las propuestas deber\u00e1n ser analizadas y aprobadas por el Ministerio del Ambiente, Agua y Transici\u00f3n Ecol\u00f3gica, a trav\u00e9s de un Comit\u00e9 de Calificaci\u00f3n y Certificaci\u00f3n.<\/p>\n<p>Para el 2023, se ha determinado el monto de USD 14.5 millones como rango o valor m\u00e1ximo global anual de aprobaci\u00f3n a favor de programas, fondos y proyectos de prevenci\u00f3n, protecci\u00f3n, conservaci\u00f3n, bioemprendimientos, restauraci\u00f3n y reparaci\u00f3n ambiental e h\u00eddrica.<\/p>\n<p>A continuaci\u00f3n los montos m\u00e1ximos para cada categor\u00eda:<\/p>\n<table width=\"326\">\n<tbody>\n<tr>\n<td width=\"171\"><strong>Categor\u00eda <\/strong><\/td>\n<td width=\"155\"><strong>Monto m\u00e1ximo (USD) <\/strong><\/td>\n<\/tr>\n<tr>\n<td width=\"171\">Prevenci\u00f3n<\/td>\n<td width=\"155\">2 millones<\/td>\n<\/tr>\n<tr>\n<td width=\"171\">Restauraci\u00f3n y Reparaci\u00f3n:<\/td>\n<td width=\"155\">5 millones<\/td>\n<\/tr>\n<tr>\n<td width=\"171\">Conservaci\u00f3n<\/td>\n<td width=\"155\">5 millones<\/td>\n<\/tr>\n<tr>\n<td width=\"171\">Bioemprendimientos<\/td>\n<td width=\"155\">1 mill\u00f3n<\/td>\n<\/tr>\n<tr>\n<td width=\"171\">Protecci\u00f3n:<\/td>\n<td width=\"155\">1,5 millones<\/td>\n<\/tr>\n<\/tbody>\n<\/table>\n<p>As\u00ed Ecuador avanza a paso firme en su Transici\u00f3n Ecol\u00f3gica, tomando decisiones creativas que fomenten proyectos para el cuidado del ambiente y el agua, a trav\u00e9s de incentivos tributarios para estimular al sector privado a invertir en la protecci\u00f3n y cuidado del ambiente y el recurso h\u00eddrico de nuestro pa\u00eds.<\/p>\n<p>Conozca todos los requisitos <a href=\"https:\/\/www.ambienteyenergia.gob.ec\/ambiente\/beneficio-de-la-doble-deducibilidad\/\" target=\"_blank\" rel=\"noopener\">aqu\u00ed<\/a><\/p>\n<p><strong>Direcci\u00f3n de Comunicaci\u00f3n Social\u00a0\u00a0\u00a0\u00a0\u00a0\u00a0\u00a0\u00a0\u00a0\u00a0\u00a0\u00a0\u00a0\u00a0\u00a0\u00a0\u00a0\u00a0\u00a0\u00a0\u00a0\u00a0\u00a0\u00a0\u00a0\u00a0\u00a0\u00a0\u00a0\u00a0\u00a0\u00a0\u00a0\u00a0\u00a0\u00a0\u00a0\u00a0\u00a0\u00a0\u00a0\u00a0\u00a0\u00a0\u00a0\u00a0\u00a0\u00a0\u00a0\u00a0\u00a0\u00a0\u00a0\u00a0\u00a0\u00a0\u00a0\u00a0\u00a0\u00a0\u00a0\u00a0\u00a0\u00a0\u00a0\u00a0\u00a0\u00a0\u00a0\u00a0\u00a0\u00a0\u00a0\u00a0\u00a0\u00a0\u00a0\u00a0 Ministerio del Ambiente, Agua y Transici\u00f3n Ecol\u00f3gica<\/strong><\/p>\n<p>&nbsp;<\/p>\n","protected":false},"excerpt":{"rendered":"<p class=\"excerpt\">Bolet\u00edn N\u00b0 38 Quito, 30 de marzo del 2023 Gracias a esta propuesta del Ministerio del Ambiente, Agua y Transici\u00f3n Ecol\u00f3gica, las empresas del pa\u00eds pueden deducir el 100% adicional para el c\u00e1lculo de la basen imponible del impuesto a la renta mediante proyectos ambientales. Este beneficio tributario est\u00e1 basado en lo que establece el numeral 26 del art\u00edculo 10&hellip; <a href=\"https:\/\/www.ambienteyenergia.gob.ec\/ambiente\/reduce-tus-impuestos-mientras-cuidas-el-ambiente-con-la-doble-deducibilidad-para-proyectos-ambientales\/\">Read more &rarr;<\/a><\/p>\n","protected":false},"author":8,"featured_media":42767,"comment_status":"closed","ping_status":"closed","sticky":false,"template":"","format":"standard","meta":{"footnotes":""},"categories":[4,10],"tags":[],"class_list":["post-42766","post","type-post","status-publish","format-standard","has-post-thumbnail","hentry","category-noticias","category-noticias-destacadas","xfolkentry"],"_links":{"self":[{"href":"https:\/\/www.ambienteyenergia.gob.ec\/ambiente\/wp-json\/wp\/v2\/posts\/42766","targetHints":{"allow":["GET"]}}],"collection":[{"href":"https:\/\/www.ambienteyenergia.gob.ec\/ambiente\/wp-json\/wp\/v2\/posts"}],"about":[{"href":"https:\/\/www.ambienteyenergia.gob.ec\/ambiente\/wp-json\/wp\/v2\/types\/post"}],"author":[{"embeddable":true,"href":"https:\/\/www.ambienteyenergia.gob.ec\/ambiente\/wp-json\/wp\/v2\/users\/8"}],"replies":[{"embeddable":true,"href":"https:\/\/www.ambienteyenergia.gob.ec\/ambiente\/wp-json\/wp\/v2\/comments?post=42766"}],"version-history":[{"count":1,"href":"https:\/\/www.ambienteyenergia.gob.ec\/ambiente\/wp-json\/wp\/v2\/posts\/42766\/revisions"}],"predecessor-version":[{"id":42768,"href":"https:\/\/www.ambienteyenergia.gob.ec\/ambiente\/wp-json\/wp\/v2\/posts\/42766\/revisions\/42768"}],"wp:featuredmedia":[{"embeddable":true,"href":"https:\/\/www.ambienteyenergia.gob.ec\/ambiente\/wp-json\/wp\/v2\/media\/42767"}],"wp:attachment":[{"href":"https:\/\/www.ambienteyenergia.gob.ec\/ambiente\/wp-json\/wp\/v2\/media?parent=42766"}],"wp:term":[{"taxonomy":"category","embeddable":true,"href":"https:\/\/www.ambienteyenergia.gob.ec\/ambiente\/wp-json\/wp\/v2\/categories?post=42766"},{"taxonomy":"post_tag","embeddable":true,"href":"https:\/\/www.ambienteyenergia.gob.ec\/ambiente\/wp-json\/wp\/v2\/tags?post=42766"}],"curies":[{"name":"wp","href":"https:\/\/api.w.org\/{rel}","templated":true}]}}