{"id":42450,"date":"2023-02-13T13:02:37","date_gmt":"2023-02-13T18:02:37","guid":{"rendered":"https:\/\/www.ambiente.gob.ec\/?p=42450"},"modified":"2023-02-13T13:02:37","modified_gmt":"2023-02-13T18:02:37","slug":"llanganates-sangay-fue-declarado-el-segundo-corredor-de-conectividad-en-el-pais","status":"publish","type":"post","link":"https:\/\/www.ambienteyenergia.gob.ec\/ambiente\/llanganates-sangay-fue-declarado-el-segundo-corredor-de-conectividad-en-el-pais\/","title":{"rendered":"Llanganates \u2013 Sangay fue declarado el segundo corredor de conectividad en el pa\u00eds"},"content":{"rendered":"<p style=\"text-align: right;\"><strong>Bolet\u00edn N\u00b0 019<\/strong><br \/>\n<strong>13 de febrero de 2023<\/strong><\/p>\n<ul>\n<li><strong><em>Seg\u00fan el acuerdo ministerial <\/em><\/strong><strong><em>2022-138,<\/em><\/strong> <strong><em>el Corredor de Conectividad Llanganates &#8211; Sangay es una zona de importancia regional para la protecci\u00f3n de la biodiversidad y la provisi\u00f3n de servicios ambientales.<\/em><\/strong><\/li>\n<li><strong><em>Los corredores son reconocidos como \u00c1reas Especiales para la Conservaci\u00f3n de la Biodiversidad, dentro del Sistema Nacional de \u00c1reas Protegidas (SNAP).<\/em><\/strong><\/li>\n<\/ul>\n<p>Con el objetivo de proteger la biodiversidad, aumentar la resiliencia al cambio clim\u00e1tico y crear alternativas econ\u00f3micas positivas para la poblaci\u00f3n y la naturaleza, hoy el Gobierno Nacional declar\u00f3 el segundo Corredor de Conectividad Llanganates &#8211; Sangay (CELS), una estrategia de conservaci\u00f3n liderada por el Ministerio del Ambiente, Agua y Transici\u00f3n Ecol\u00f3gica, los Gobiernos Aut\u00f3nomos Descentralizados de Pastaza, Tungurahua y Morona Santiago, con la asistencia t\u00e9cnica del Fondo Mundial para la Naturaleza \u2013 WWF, el apoyo de Fundaci\u00f3n Hempel Dinamarca y la Cooperaci\u00f3n Belga para el Desarrollo.<\/p>\n<p>El nuevo Corredor conecta a dos \u00e1reas protegidas, el Parque Nacional Llanganates y el Parque Nacional Sangay y tiene una superficie de 92.148 hect\u00e1reas. Est\u00e1 ubicado entre la cordillera de los andes y la cuenca amaz\u00f3nica, conocida como Piedemonte Andino-Amaz\u00f3nico, es un punto estrat\u00e9gico de importancia biol\u00f3gica de la regi\u00f3n con una alta densidad de especies \u00fanicas y cuencas hidrogr\u00e1ficas.<\/p>\n<p>Para Gustavo Manrique, ministro del Ambiente, Agua y Transici\u00f3n Ecol\u00f3gica, \u201clos esfuerzos de conservaci\u00f3n del Gobierno Nacional se consolidan en esta importante acci\u00f3n. En este territorio habitan 285 especies de mam\u00edferos y reptiles, de los cuales no se encuentran en otros lados del mundo, adem\u00e1s en los \u00faltimos meses, se han descrito 40 nuevas especies incorporadas a la ciencia, pues este corredor es un gran laboratorio vivo. El \u00e1rea ofrece todo lo que necesitan para asegurar su sobrevivencia a largo plazo, lo que a su vez significa salud para los bosques, ecosistemas y una alta diversidad biol\u00f3gica\u201d.<\/p>\n<p>Por su parte, Tarsicio Granizo, director de WWF en Ecuador, se\u00f1al\u00f3 que \u201csin el esfuerzo de investigaci\u00f3n y colaboraci\u00f3n conjunta, habr\u00eda sido imposible tener la informaci\u00f3n cient\u00edfica, t\u00e9cnica y la suma de voluntades para generar este corredor. Celebramos las acciones pertinentes para su gesti\u00f3n ordenada y sostenible, entre ellas, promover de manera permanente alternativas econ\u00f3micas que sean positivas para las personas y la naturaleza\u201d.<\/p>\n<p>El CELS es un paso natural que conecta el p\u00e1ramo con la selva. Este espacio de tierra, monta\u00f1as y r\u00edos alberga un sinn\u00famero de aves, mam\u00edferos, anfibios, reptiles, invertebrados, peces, flores y es el hogar de especies emblem\u00e1ticas como el tapir de monta\u00f1a, oso andino, jaguar y el puma.<\/p>\n<p>Durante el 2022, en este territorio se describieron al menos tres nuevas especies de ranas que no se conoc\u00edan y m\u00e1s de 50 especies de orqu\u00eddeas \u00fanicas en el mundo, adem\u00e1s se identific\u00f3 651 especies de aves. Por tal motivo, este corredor ha sido reconocido como \u00c1rea Especial de Conservaci\u00f3n.<\/p>\n<p>\u201cPara nosotros como ciudadan\u00eda, este es un logro que nos llena de dicha. En el a\u00f1o 2000 arrancamos con esta iniciativa, al darnos cuenta de que viv\u00edamos en una zona altamente biodiversa, de que las especies necesitaban conectarse de forma libre y segura alrededor de la cuenca del Pastaza. Esta idea, nos rob\u00f3 el coraz\u00f3n, y por eso no hemos descuidado ning\u00fan esfuerzo, convencidos de que llegar\u00eda este d\u00eda\u201d, se\u00f1al\u00f3 Paul Malo Pozo, parte de la Red de Amigos del Corredor Llanganates Sangay.<\/p>\n<p>Con la declaratoria de un corredor de conectividad se consolidan territorios vivos, conservados, diversos, ordenados y capaces de asegurar la vida, el bienestar de la gente y de los ecosistemas a lo largo del tiempo. Su importancia radica en la posibilidad que tienen de aportar criterios de conectividad al ordenamiento territorial, el establecimiento de \u00e1reas espec\u00edficas y planes de manejo para la conservaci\u00f3n y actividades productivas en la zona que contribuye a un desarrollo sostenible e inclusivo.<\/p>\n<p>La consolidaci\u00f3n de esta estrategia de conservaci\u00f3n se debe a un proceso de participaci\u00f3n articulado y sostenido, desde el 2020, entre esta cartera de Estado y varios actores en territorio, dentro de los que se incluyen Gobiernos Aut\u00f3nomos Descentralizados Provinciales y Municipales, Universidades, instituciones, organizaciones de conservaci\u00f3n y empresas p\u00fablicas y privadas, comunidades y otras que manifestaron su inter\u00e9s y apoyo.<\/p>\n<p><strong>Informaci\u00f3n sobre la declaratoria: <\/strong><\/p>\n<ul>\n<li>Con la firma del Acuerdo Ministerial No. 2022-138 del 27 de diciembre de 2022, el ministro, Gustavo Manrique Miranda, da cumplimiento a varias disposiciones de la Constituci\u00f3n de la Rep\u00fablica del Ecuador en materia de derechos de la naturaleza, as\u00ed como de convenios internacionales y de art\u00edculos del C\u00f3digo Org\u00e1nico del Ambiente y de su Reglamento.<\/li>\n<li>Las organizaciones que han colaborado en este esfuerzo son: Fundaci\u00f3n Ecominga, Sumak Kawsay In Situ, INABIO, IKIAM, UEA, USFQ, Fundaci\u00f3n Muyu, Prefectura de Pastaza, Prefectura de Morona, Prefectura de Tungurahua, Kara Solar, Alcald\u00eda de Mera, Alcald\u00eda de Ba\u00f1os, Alcald\u00eda de Palora, Defensor\u00eda del Pueblo, Finca Palmonte, Finca Chalwayaku, Bosque protector Leito, Hacianda Gumag, Biopark, Madre Selva, Quinde Warmi, Tupak Katari, Fundaci\u00f3n Fauna de la Amazon\u00eda, Merazonia, Red de Amigos del Corredor Llanganates Sangay, junto a varios habitantes de la zona.<\/li>\n<\/ul>\n<p><strong>Direcci\u00f3n de Comunicaci\u00f3n <\/strong><br \/>\n<strong>Ministerio del Ambiente, Agua y Transici\u00f3n Ecol\u00f3gica<\/strong><\/p>\n","protected":false},"excerpt":{"rendered":"<p class=\"excerpt\">Bolet\u00edn N\u00b0 019 13 de febrero de 2023 Seg\u00fan el acuerdo ministerial 2022-138, el Corredor de Conectividad Llanganates &#8211; Sangay es una zona de importancia regional para la protecci\u00f3n de la biodiversidad y la provisi\u00f3n de servicios ambientales. Los corredores son reconocidos como \u00c1reas Especiales para la Conservaci\u00f3n de la Biodiversidad, dentro del Sistema Nacional de \u00c1reas Protegidas (SNAP). Con&hellip; <a href=\"https:\/\/www.ambienteyenergia.gob.ec\/ambiente\/llanganates-sangay-fue-declarado-el-segundo-corredor-de-conectividad-en-el-pais\/\">Read more &rarr;<\/a><\/p>\n","protected":false},"author":8,"featured_media":42451,"comment_status":"closed","ping_status":"closed","sticky":false,"template":"","format":"standard","meta":{"footnotes":""},"categories":[4,10],"tags":[],"class_list":["post-42450","post","type-post","status-publish","format-standard","has-post-thumbnail","hentry","category-noticias","category-noticias-destacadas","xfolkentry"],"_links":{"self":[{"href":"https:\/\/www.ambienteyenergia.gob.ec\/ambiente\/wp-json\/wp\/v2\/posts\/42450","targetHints":{"allow":["GET"]}}],"collection":[{"href":"https:\/\/www.ambienteyenergia.gob.ec\/ambiente\/wp-json\/wp\/v2\/posts"}],"about":[{"href":"https:\/\/www.ambienteyenergia.gob.ec\/ambiente\/wp-json\/wp\/v2\/types\/post"}],"author":[{"embeddable":true,"href":"https:\/\/www.ambienteyenergia.gob.ec\/ambiente\/wp-json\/wp\/v2\/users\/8"}],"replies":[{"embeddable":true,"href":"https:\/\/www.ambienteyenergia.gob.ec\/ambiente\/wp-json\/wp\/v2\/comments?post=42450"}],"version-history":[{"count":1,"href":"https:\/\/www.ambienteyenergia.gob.ec\/ambiente\/wp-json\/wp\/v2\/posts\/42450\/revisions"}],"predecessor-version":[{"id":42452,"href":"https:\/\/www.ambienteyenergia.gob.ec\/ambiente\/wp-json\/wp\/v2\/posts\/42450\/revisions\/42452"}],"wp:featuredmedia":[{"embeddable":true,"href":"https:\/\/www.ambienteyenergia.gob.ec\/ambiente\/wp-json\/wp\/v2\/media\/42451"}],"wp:attachment":[{"href":"https:\/\/www.ambienteyenergia.gob.ec\/ambiente\/wp-json\/wp\/v2\/media?parent=42450"}],"wp:term":[{"taxonomy":"category","embeddable":true,"href":"https:\/\/www.ambienteyenergia.gob.ec\/ambiente\/wp-json\/wp\/v2\/categories?post=42450"},{"taxonomy":"post_tag","embeddable":true,"href":"https:\/\/www.ambienteyenergia.gob.ec\/ambiente\/wp-json\/wp\/v2\/tags?post=42450"}],"curies":[{"name":"wp","href":"https:\/\/api.w.org\/{rel}","templated":true}]}}