{"id":41670,"date":"2022-10-30T08:15:51","date_gmt":"2022-10-30T13:15:51","guid":{"rendered":"https:\/\/www.ambiente.gob.ec\/?p=41670"},"modified":"2022-10-30T08:15:51","modified_gmt":"2022-10-30T13:15:51","slug":"ministerio-del-ambiente-y-gobierno-de-pastaza-se-comprometieron-en-la-restauracion-de-1-100-hectareas-en-arajuno","status":"publish","type":"post","link":"https:\/\/www.ambienteyenergia.gob.ec\/ambiente\/ministerio-del-ambiente-y-gobierno-de-pastaza-se-comprometieron-en-la-restauracion-de-1-100-hectareas-en-arajuno\/","title":{"rendered":"Ministerio del Ambiente y Gobierno de Pastaza se comprometieron en la restauraci\u00f3n de 1.100 hect\u00e1reas en Arajuno"},"content":{"rendered":"<p style=\"text-align: right;\"><strong>Bolet\u00edn N\u00b0 188<\/strong><\/p>\n<p style=\"text-align: right;\"><strong>30 de octubre de 2022<\/strong><\/p>\n<ul>\n<li><strong><em>Hasta el 2025, el Proyecto Nacional de Restauraci\u00f3n del Paisaje tiene una meta de restauraci\u00f3n de 30 mil hect\u00e1reas de \u00e1reas degradadas y deforestadas.<\/em><\/strong><\/li>\n<\/ul>\n<p><strong>\u00a0<\/strong>En el Centro de Investigaci\u00f3n Ambiental Pindo Mirador, ubicado en el cant\u00f3n Mera, se llev\u00f3 a cabo la suscripci\u00f3n de la Carta de Intenci\u00f3n entre el Ministerio del Ambiente, Agua y Transici\u00f3n Ecol\u00f3gica y el Gobierno Aut\u00f3nomo Descentralizado provincial de Pastaza, para ejecutar acciones de restauraci\u00f3n de 1.100 hect\u00e1reas de zonas degradadas en la parroquia Arajuno.<\/p>\n<p>Con la implementaci\u00f3n de los procesos de restauraci\u00f3n forestal en Arajuno, aproximadamente 250 familias se beneficiar\u00e1n con mejores oportunidades laborales, desarrollo de capacidades y la implementaci\u00f3n de bioemprendimientos, a trav\u00e9s del aprovechamiento sostenible de los recursos naturales, lo que permitir\u00e1 dinamizar y reactivar la econom\u00eda local.<\/p>\n<p>Gustavo Manrique, ministro del Ambiente, Agua y Transici\u00f3n Ecol\u00f3gica, se\u00f1al\u00f3 que \u201cen la Amazon\u00eda, el Proyecto Nacional de Restauraci\u00f3n del Paisaje mantiene \u00e1reas en proceso de restauraci\u00f3n con ayuda de las comunidades y socios estrat\u00e9gicos en alrededor de 12 mil hect\u00e1reas de bosques tropicales. Estas acciones est\u00e1n enfocadas en reducir la deforestaci\u00f3n y degradaci\u00f3n de bosques, promover el manejo sostenible de los recursos, reducir las emisiones del sector forestal y lo m\u00e1s importante, mejorar la calidad de vida de los habitantes\u201d.<\/p>\n<p>Por su parte, Cesar Grefa, alcalde del cant\u00f3n Arajuno, mencion\u00f3 que \u201cmantener los bosques y la naturaleza end\u00e9mica de la provincia es una de nuestras principales preocupaciones y estamos agradecidos con el Gobierno Nacional, por escuchar nuestras solicitudes y trabajar en conjunto en la restauraci\u00f3n y plantaci\u00f3n de m\u00e1s \u00e1rboles en zonas degradadas, respetando los saberes ancestrales de las nacionalidades ind\u00edgenas\u201d.<\/p>\n<p>En la actualidad, el Proyecto Nacional de Restauraci\u00f3n del Paisaje implementa 16.000 hect\u00e1reas en procesos de restauraci\u00f3n a nivel nacional; adem\u00e1s, apoya las mujeres emprendedoras, turismo comunitario, implementaci\u00f3n de agronegocios con la elaboraci\u00f3n de derivados de productos locales y equipamiento para el desarrollo de sus capacidades.<\/p>\n<p>Durante el evento, las autoridades nacionales y locales recorrieron una feria de bioemprendimientos de productos sostenibles desarrollados por las comunidades, entre artesan\u00edas, bebidas con guayusa, productos naturales de belleza, yogurts, caf\u00e9, entre otros. Adem\u00e1s, realizaron una plantaci\u00f3n simb\u00f3lica en \u00e1rea degradada, apadrinando varios \u00e1rboles y comprometi\u00e9ndose en su cuidado.<\/p>\n<p><strong>\u00a0<\/strong><strong>Direcci\u00f3n de Comunicaci\u00f3n<\/strong><\/p>\n<p><strong>Ministerio del Ambiente, Agua y Transici\u00f3n Ecol\u00f3gica\u00a0 \u00a0<\/strong><\/p>\n","protected":false},"excerpt":{"rendered":"<p class=\"excerpt\">Bolet\u00edn N\u00b0 188 30 de octubre de 2022 Hasta el 2025, el Proyecto Nacional de Restauraci\u00f3n del Paisaje tiene una meta de restauraci\u00f3n de 30 mil hect\u00e1reas de \u00e1reas degradadas y deforestadas. \u00a0En el Centro de Investigaci\u00f3n Ambiental Pindo Mirador, ubicado en el cant\u00f3n Mera, se llev\u00f3 a cabo la suscripci\u00f3n de la Carta de Intenci\u00f3n entre el Ministerio del&hellip; <a href=\"https:\/\/www.ambienteyenergia.gob.ec\/ambiente\/ministerio-del-ambiente-y-gobierno-de-pastaza-se-comprometieron-en-la-restauracion-de-1-100-hectareas-en-arajuno\/\">Read more &rarr;<\/a><\/p>\n","protected":false},"author":8,"featured_media":41671,"comment_status":"closed","ping_status":"closed","sticky":false,"template":"","format":"standard","meta":{"footnotes":""},"categories":[4,10],"tags":[],"class_list":["post-41670","post","type-post","status-publish","format-standard","has-post-thumbnail","hentry","category-noticias","category-noticias-destacadas","xfolkentry"],"_links":{"self":[{"href":"https:\/\/www.ambienteyenergia.gob.ec\/ambiente\/wp-json\/wp\/v2\/posts\/41670","targetHints":{"allow":["GET"]}}],"collection":[{"href":"https:\/\/www.ambienteyenergia.gob.ec\/ambiente\/wp-json\/wp\/v2\/posts"}],"about":[{"href":"https:\/\/www.ambienteyenergia.gob.ec\/ambiente\/wp-json\/wp\/v2\/types\/post"}],"author":[{"embeddable":true,"href":"https:\/\/www.ambienteyenergia.gob.ec\/ambiente\/wp-json\/wp\/v2\/users\/8"}],"replies":[{"embeddable":true,"href":"https:\/\/www.ambienteyenergia.gob.ec\/ambiente\/wp-json\/wp\/v2\/comments?post=41670"}],"version-history":[{"count":1,"href":"https:\/\/www.ambienteyenergia.gob.ec\/ambiente\/wp-json\/wp\/v2\/posts\/41670\/revisions"}],"predecessor-version":[{"id":41672,"href":"https:\/\/www.ambienteyenergia.gob.ec\/ambiente\/wp-json\/wp\/v2\/posts\/41670\/revisions\/41672"}],"wp:featuredmedia":[{"embeddable":true,"href":"https:\/\/www.ambienteyenergia.gob.ec\/ambiente\/wp-json\/wp\/v2\/media\/41671"}],"wp:attachment":[{"href":"https:\/\/www.ambienteyenergia.gob.ec\/ambiente\/wp-json\/wp\/v2\/media?parent=41670"}],"wp:term":[{"taxonomy":"category","embeddable":true,"href":"https:\/\/www.ambienteyenergia.gob.ec\/ambiente\/wp-json\/wp\/v2\/categories?post=41670"},{"taxonomy":"post_tag","embeddable":true,"href":"https:\/\/www.ambienteyenergia.gob.ec\/ambiente\/wp-json\/wp\/v2\/tags?post=41670"}],"curies":[{"name":"wp","href":"https:\/\/api.w.org\/{rel}","templated":true}]}}