{"id":41268,"date":"2022-08-01T16:26:51","date_gmt":"2022-08-01T21:26:51","guid":{"rendered":"https:\/\/www.ambiente.gob.ec\/?p=41268"},"modified":"2022-08-01T16:26:51","modified_gmt":"2022-08-01T21:26:51","slug":"400-productores-ecuatorianos-se-benefician-con-la-primera-exportacion-de-cafe-amazonico-sostenible-y-libre-de-deforestacion","status":"publish","type":"post","link":"https:\/\/www.ambienteyenergia.gob.ec\/ambiente\/400-productores-ecuatorianos-se-benefician-con-la-primera-exportacion-de-cafe-amazonico-sostenible-y-libre-de-deforestacion\/","title":{"rendered":"400 productores ecuatorianos se benefician con la primera exportaci\u00f3n de caf\u00e9 amaz\u00f3nico sostenible y libre de deforestaci\u00f3n"},"content":{"rendered":"<p style=\"text-align: right;\"><strong>Bolet\u00edn N\u00b0 150<\/strong><br \/>\n<strong>01 de agosto de 2022<\/strong><\/p>\n<p>El 29 de julio, en el Puerto de Guayaquil, se realiz\u00f3 la primera exportaci\u00f3n de caf\u00e9 Amaz\u00f3nico sostenible con la menci\u00f3n \u201clibre de deforestaci\u00f3n\u201d. Los 17.250 kilos de caf\u00e9 ar\u00e1bica con certificaci\u00f3n org\u00e1nica y de especialidad beneficia a m\u00e1s de 400 productores de la Federaci\u00f3n Regional de Asociaciones de Peque\u00f1os Cafetaleros Ecol\u00f3gicos del Sur (FAPECAFES), mejorando sus ingresos a mediano plazo e impulsando un alto potencial de crecimiento pues este lote les permitir\u00e1 acceder a un nuevo nicho de mercado, debido a su alta calidad, sostenibilidad y compromiso con la no-deforestaci\u00f3n.<\/p>\n<p>El contenedor de 250 sacos de 69 kilos de caf\u00e9 (ar\u00e1bica) fue adquirido por la empresa italiana Lavazza, en febrero de 2022 y en julio se concret\u00f3 su env\u00edo a Italia. Esta exportaci\u00f3n es un hito para los cafetaleros nacionales, que fue logrado gracias al liderazgo del Ministerio del Ambiente, Agua y Transici\u00f3n Ecol\u00f3gica (MAATE) y el Ministerio de Agricultura y Ganader\u00eda (MAG), a trav\u00e9s de PROAmazon\u00eda; con apoyo del Programa de las Naciones Unidas para el Desarrollo (PNUD).<\/p>\n<p>\u201cLo que hoy se ha logrado es gracias a varios programas que lidera esta cartera de Estado, uno de ello es REDD+, que genera una oportunidad econ\u00f3mica, social e incluso cultural para las poblaciones que viven en los bosques y de ellos. Hoy es un d\u00eda memorable, hoy le decimos una vez m\u00e1s al mundo que somos un pa\u00eds agr\u00edcola, productivo pero sobre todo comprometido con la conservaci\u00f3n\u201d, se\u00f1al\u00f3 Jos\u00e9 D\u00e1valos, viceministro de Ambiente.<\/p>\n<p>Por su parte, Harvey Merino, representante de FAPECAF\u00c9S, indic\u00f3 que \u201ctodos nosotros estamos comprometidos con una producci\u00f3n libre de deforestaci\u00f3n, desde la cuna del cacao, caf\u00e9 y miel de abeja, Zamora, tierra de gente valiente, representamos a los productores que luchan en el campo. Esta exportaci\u00f3n es un reflejo del trabajo conjunto entre el gobierno, sus carteras de Estado y nosotros. Hoy demostramos que con organizaci\u00f3n podemos hacer cambios en el sistema agr\u00edcola productivo\u201d.<\/p>\n<p>Karina Barrera, subsecretaria de cambio clim\u00e1tico del MAATE, resalt\u00f3 que \u201ceste hito forma parte de REDD+, estrategia que tiene el pa\u00eds para la lucha contra la deforestaci\u00f3n. Hoy le demostramos al mundo que es posible la producci\u00f3n sostenible y libre de deforestaci\u00f3n\u201d.<\/p>\n<p>Para esta venta el 100% de la materia prima fue recolectada por la Asociaci\u00f3n Agroartesanal de Productores Ecol\u00f3gicos de Palanda y Chinchipe (APECAP) y la Asociaci\u00f3n de Productores Ecol\u00f3gicos de Caf\u00e9 Org\u00e1nico Cuencas del R\u00edo Mayo (ACRIM), organizaciones que forman parte del piloto de levantamiento de per\u00edmetros de finca que identifican los bosques a conservar y de trazabilidad, que se ha venido impulsando a trav\u00e9s de PROAmazon\u00eda.<\/p>\n<p>La venta a Lavazza marca un hito a nivel nacional e internacional, al constituir una iniciativa pionera del Ecuador de producci\u00f3n sostenible y libre de deforestaci\u00f3n con enfoque en la reducci\u00f3n de emisiones de gases de efecto invernadero causadas por la deforestaci\u00f3n y la degradaci\u00f3n forestal (REDD+).<\/p>\n<p>Desde Ecuador se busca que los peque\u00f1os agricultores logren participar activamente en procesos de producci\u00f3n sostenible, acompa\u00f1ados de empresas que les orienten a mejorar su calidad, productividad y generar un mejor precio. De esta manera, los productores encuentran un est\u00edmulo al participar en el mercado internacional que reconoce sus esfuerzos de conservaci\u00f3n de los bosques, por lo que consolidan su compromiso de una producci\u00f3n sostenible y libre de deforestaci\u00f3n.<strong>\u00a0<\/strong><\/p>\n<p><strong>Datos: <\/strong>FAPECAFES naci\u00f3 en el 2002, est\u00e1 compuesta por 1.200 familias de productores y productoras organizados en seis Asociaciones de Peque\u00f1os Cafetaleros de la regi\u00f3n sur del Ecuador, ubicados en las provincias de El Oro, Loja y Zamora Chinchipe. Las asociaciones son: Asociaci\u00f3n Agroartesanal De Productores Ecol\u00f3gicos De Caf\u00e9 Especial del Cant\u00f3n Loja, Asociaci\u00f3n Agroartesanal de Productores de Caf\u00e9 de Altura Puyango<strong>, <\/strong>Asociaci\u00f3n de Peque\u00f1os Exportadores de Caf\u00e9 Especial de Marcabel\u00ed, Asociaci\u00f3n Agroartesanal de Productores de Caf\u00e9 de Altura de Esp\u00edndola y Quilanga<strong>, <\/strong>Asociaci\u00f3n Agroartesanal de Productores Ecol\u00f3gicos de Palanda y Chinchipe y Asociaci\u00f3n de Productores Ecol\u00f3gicos de Caf\u00e9 Org\u00e1nico Cuencas del Rio Mayo.<\/p>\n<p><strong>Direcci\u00f3n de Comunicaci\u00f3n<\/strong><br \/>\n<strong>Ministerio del Ambiente, Agua y Transici\u00f3n<\/strong><\/p>\n","protected":false},"excerpt":{"rendered":"<p class=\"excerpt\">Bolet\u00edn N\u00b0 150 01 de agosto de 2022 El 29 de julio, en el Puerto de Guayaquil, se realiz\u00f3 la primera exportaci\u00f3n de caf\u00e9 Amaz\u00f3nico sostenible con la menci\u00f3n \u201clibre de deforestaci\u00f3n\u201d. Los 17.250 kilos de caf\u00e9 ar\u00e1bica con certificaci\u00f3n org\u00e1nica y de especialidad beneficia a m\u00e1s de 400 productores de la Federaci\u00f3n Regional de Asociaciones de Peque\u00f1os Cafetaleros Ecol\u00f3gicos&hellip; <a href=\"https:\/\/www.ambienteyenergia.gob.ec\/ambiente\/400-productores-ecuatorianos-se-benefician-con-la-primera-exportacion-de-cafe-amazonico-sostenible-y-libre-de-deforestacion\/\">Read more &rarr;<\/a><\/p>\n","protected":false},"author":8,"featured_media":41269,"comment_status":"closed","ping_status":"closed","sticky":false,"template":"","format":"standard","meta":{"footnotes":""},"categories":[4,10],"tags":[],"class_list":["post-41268","post","type-post","status-publish","format-standard","has-post-thumbnail","hentry","category-noticias","category-noticias-destacadas","xfolkentry"],"_links":{"self":[{"href":"https:\/\/www.ambienteyenergia.gob.ec\/ambiente\/wp-json\/wp\/v2\/posts\/41268","targetHints":{"allow":["GET"]}}],"collection":[{"href":"https:\/\/www.ambienteyenergia.gob.ec\/ambiente\/wp-json\/wp\/v2\/posts"}],"about":[{"href":"https:\/\/www.ambienteyenergia.gob.ec\/ambiente\/wp-json\/wp\/v2\/types\/post"}],"author":[{"embeddable":true,"href":"https:\/\/www.ambienteyenergia.gob.ec\/ambiente\/wp-json\/wp\/v2\/users\/8"}],"replies":[{"embeddable":true,"href":"https:\/\/www.ambienteyenergia.gob.ec\/ambiente\/wp-json\/wp\/v2\/comments?post=41268"}],"version-history":[{"count":1,"href":"https:\/\/www.ambienteyenergia.gob.ec\/ambiente\/wp-json\/wp\/v2\/posts\/41268\/revisions"}],"predecessor-version":[{"id":41270,"href":"https:\/\/www.ambienteyenergia.gob.ec\/ambiente\/wp-json\/wp\/v2\/posts\/41268\/revisions\/41270"}],"wp:featuredmedia":[{"embeddable":true,"href":"https:\/\/www.ambienteyenergia.gob.ec\/ambiente\/wp-json\/wp\/v2\/media\/41269"}],"wp:attachment":[{"href":"https:\/\/www.ambienteyenergia.gob.ec\/ambiente\/wp-json\/wp\/v2\/media?parent=41268"}],"wp:term":[{"taxonomy":"category","embeddable":true,"href":"https:\/\/www.ambienteyenergia.gob.ec\/ambiente\/wp-json\/wp\/v2\/categories?post=41268"},{"taxonomy":"post_tag","embeddable":true,"href":"https:\/\/www.ambienteyenergia.gob.ec\/ambiente\/wp-json\/wp\/v2\/tags?post=41268"}],"curies":[{"name":"wp","href":"https:\/\/api.w.org\/{rel}","templated":true}]}}