{"id":41186,"date":"2022-07-18T09:36:40","date_gmt":"2022-07-18T14:36:40","guid":{"rendered":"https:\/\/www.ambiente.gob.ec\/?p=41186"},"modified":"2022-07-18T09:36:40","modified_gmt":"2022-07-18T14:36:40","slug":"ecuador-celebra-su-sistema-nacional-de-areas-protegidas","status":"publish","type":"post","link":"https:\/\/www.ambienteyenergia.gob.ec\/ambiente\/ecuador-celebra-su-sistema-nacional-de-areas-protegidas\/","title":{"rendered":"Ecuador celebra su Sistema Nacional de \u00c1reas Protegidas"},"content":{"rendered":"<p style=\"text-align: right;\"><strong>Bolet\u00edn N\u00b0 139<\/strong><br \/>\n<strong>18 de julio de 2022<\/strong><\/p>\n<p>Cada 18 de julio, en Ecuador se conmemora la creaci\u00f3n del Sistema Nacional de \u00c1reas Protegidas (SNAP), principal mecanismo de conservaci\u00f3n del pa\u00eds. Este a\u00f1o, para compartir con la ciudadan\u00eda la importancia del SNAP y la gesti\u00f3n que se realiza en los 70 espacios naturales que la integran, se organiz\u00f3 una casa abierta en la Plataforma Financiera de la ciudad de Quito.<\/p>\n<p>Este Sistema, administrado por el Ministerio del Ambiente, Agua y Transici\u00f3n Ecol\u00f3gica, fue concebido para garantizar la conservaci\u00f3n de la biodiversidad y la generaci\u00f3n de servicios ecosist\u00e9micos como el agua, los bosques, los recursos gen\u00e9ticos, el turismo sostenible, entre otros. Actualmente abarca una superficie de 26 millones de hect\u00e1reas, lo que representa el 19,41% del territorio continental, insular y marino del pa\u00eds. Adem\u00e1s, posee m\u00e1s del 40% de la superficie de alta importancia h\u00eddrica, alberga 15 humedales de importancia mundial (Sitios RAMSAR) y 7 Reservas de Biosferas Nacionales.<\/p>\n<p>14 Parques Nacionales, 5 Reservas Biol\u00f3gicas, 1 Reserva Geobot\u00e1nica, 7 Reservas Ecol\u00f3gicas, 8 Reservas Marinas, 6 \u00c1reas Nacionales de Recreaci\u00f3n, 4 Reservas de Producci\u00f3n de Fauna, 10 Refugios de Vida Silvestre, 7 \u00c1reas Protegidas Aut\u00f3nomas Descentralizadas, 2 \u00c1reas Protegidas Comunitarias y 6 \u00c1rea Protegida Privada integran el SNAP.<\/p>\n<p>En este \u00faltimo a\u00f1o, el Gobierno Nacional ha declarado nueve \u00e1reas protegidas: Maz\u00e1n, Taita Imbabura, Neblina Piedra, Neblina Sur, Puerto Cabuyal, Curiquingue Gallo Cantana, Reserva Marina Hermandad, Cerro Candelaria, R\u00edo Z\u00fa\u00f1ag y se ampliaron dos \u00e1reas m\u00e1s: Refugio de Vida Silvestre Manglares El Morro y Reserva Marina Gal\u00e1pagos incrementando un 42% al territorio bajo conservaci\u00f3n.<\/p>\n<p>Estos invaluables territorios son controlados y vigilados por m\u00e1s de 943 guardaparques a nivel nacional. As\u00ed mismo, 18 pueblos ind\u00edgenas habitan dentro de 31 \u00e1reas protegidas y 40 sitios arqueol\u00f3gicos o sagrados se encuentran en 12 \u00e1reas del SNAP.<\/p>\n<p>Seg\u00fan un estudio de esta cartera de Estado, se destac\u00f3 que el SNAP tiene una visita anual estimada de 1 mill\u00f3n 500 mil personas, generando una fuente de ingreso de USD 450 millones de d\u00f3lares, lo que representa el 35% del Producto Interno Bruto (PIB).<\/p>\n<p>Las 5 \u00e1reas protegidas m\u00e1s visitadas tur\u00edsticamente en lo que va del a\u00f1o son: Reserva de Producci\u00f3n de Fauna Marino Costera Puntilla de Santa Elena; Parque Nacional Cotacahi-Cayapas; Parque Nacional Cotopaxi; Parque Nacional Gal\u00e1pagos y Parque Nacional Machalilla.<\/p>\n<p>\u201cQue mejor manera de celebrar a nuestro Sistema Nacional de \u00c1reas Protegidas, que conociendo estos hermosos lugares. Lo que se conoce se cuida y lo que se cuida se quiere. Es de inmenso orgullo contar con 70 \u00e1reas en nuestro Sistema Nacional con las que no solo conservamos, sino apoyamos el desarrollo de todas las comunidades aleda\u00f1as a estos espacios\u201d, se\u00f1al\u00f3 Gustavo Manrique Miranda, ministro del Ambiente, Agua y Transici\u00f3n Ecol\u00f3gica.<\/p>\n<p><strong>Direcci\u00f3n de Comunicaci\u00f3n<\/strong><br \/>\n<strong>Ministerio del Ambiente, Agua y Transici\u00f3n Ecol\u00f3gica<\/strong><\/p>\n","protected":false},"excerpt":{"rendered":"<p class=\"excerpt\">Bolet\u00edn N\u00b0 139 18 de julio de 2022 Cada 18 de julio, en Ecuador se conmemora la creaci\u00f3n del Sistema Nacional de \u00c1reas Protegidas (SNAP), principal mecanismo de conservaci\u00f3n del pa\u00eds. Este a\u00f1o, para compartir con la ciudadan\u00eda la importancia del SNAP y la gesti\u00f3n que se realiza en los 70 espacios naturales que la integran, se organiz\u00f3 una casa&hellip; <a href=\"https:\/\/www.ambienteyenergia.gob.ec\/ambiente\/ecuador-celebra-su-sistema-nacional-de-areas-protegidas\/\">Read more &rarr;<\/a><\/p>\n","protected":false},"author":8,"featured_media":41187,"comment_status":"closed","ping_status":"closed","sticky":false,"template":"","format":"standard","meta":{"footnotes":""},"categories":[4,10],"tags":[],"class_list":["post-41186","post","type-post","status-publish","format-standard","has-post-thumbnail","hentry","category-noticias","category-noticias-destacadas","xfolkentry"],"_links":{"self":[{"href":"https:\/\/www.ambienteyenergia.gob.ec\/ambiente\/wp-json\/wp\/v2\/posts\/41186","targetHints":{"allow":["GET"]}}],"collection":[{"href":"https:\/\/www.ambienteyenergia.gob.ec\/ambiente\/wp-json\/wp\/v2\/posts"}],"about":[{"href":"https:\/\/www.ambienteyenergia.gob.ec\/ambiente\/wp-json\/wp\/v2\/types\/post"}],"author":[{"embeddable":true,"href":"https:\/\/www.ambienteyenergia.gob.ec\/ambiente\/wp-json\/wp\/v2\/users\/8"}],"replies":[{"embeddable":true,"href":"https:\/\/www.ambienteyenergia.gob.ec\/ambiente\/wp-json\/wp\/v2\/comments?post=41186"}],"version-history":[{"count":1,"href":"https:\/\/www.ambienteyenergia.gob.ec\/ambiente\/wp-json\/wp\/v2\/posts\/41186\/revisions"}],"predecessor-version":[{"id":41188,"href":"https:\/\/www.ambienteyenergia.gob.ec\/ambiente\/wp-json\/wp\/v2\/posts\/41186\/revisions\/41188"}],"wp:featuredmedia":[{"embeddable":true,"href":"https:\/\/www.ambienteyenergia.gob.ec\/ambiente\/wp-json\/wp\/v2\/media\/41187"}],"wp:attachment":[{"href":"https:\/\/www.ambienteyenergia.gob.ec\/ambiente\/wp-json\/wp\/v2\/media?parent=41186"}],"wp:term":[{"taxonomy":"category","embeddable":true,"href":"https:\/\/www.ambienteyenergia.gob.ec\/ambiente\/wp-json\/wp\/v2\/categories?post=41186"},{"taxonomy":"post_tag","embeddable":true,"href":"https:\/\/www.ambienteyenergia.gob.ec\/ambiente\/wp-json\/wp\/v2\/tags?post=41186"}],"curies":[{"name":"wp","href":"https:\/\/api.w.org\/{rel}","templated":true}]}}