{"id":40708,"date":"2022-04-14T19:06:11","date_gmt":"2022-04-15T00:06:11","guid":{"rendered":"https:\/\/www.ambiente.gob.ec\/?p=40708"},"modified":"2022-04-14T19:06:11","modified_gmt":"2022-04-15T00:06:11","slug":"el-refugio-hermanos-carrel-en-la-reserva-chimborazo-vuelve-a-abrir-sus-puertas","status":"publish","type":"post","link":"https:\/\/www.ambienteyenergia.gob.ec\/ambiente\/el-refugio-hermanos-carrel-en-la-reserva-chimborazo-vuelve-a-abrir-sus-puertas\/","title":{"rendered":"El Refugio Hermanos Carrel en la Reserva Chimborazo vuelve a abrir sus puertas"},"content":{"rendered":"<p style=\"text-align: right;\"><strong>Bolet\u00edn N\u00b0 104<\/strong><br \/>\n<strong>14 de abril de 2022<\/strong><\/p>\n<p><strong>(Riobamba, Chimborazo). &#8211;<\/strong> El Refugio de Alta Monta\u00f1a Hermanos Carrel, ubicado en la Reserva de Producci\u00f3n de Fauna Chimborazo, vuelve a atender desde hoy, tras dos a\u00f1os de permanecer cerrado, inicialmente por la pandemia, luego por el fin de la concesi\u00f3n del mismo y posteriormente por el proceso de adecuaci\u00f3n de la infraestructura.<\/p>\n<p>Las m\u00e1ximas autoridades de los Ministerios de Turismo y de Ambiente, Agua y Transici\u00f3n Ecol\u00f3gica, junto con el Gobierno Auto\u0301nomo Descentralizado Municipal (GAD) de Riobamba, el Gobierno Auto\u0301nomo Descentralizado Provincial de Chimborazo y la Gobernaci\u00f3n de Chimborazo visitaron este sitio de inter\u00e9s tur\u00edstico para oficializar su reapertura, a v\u00edsperas del inicio del feriado de Semana Santa.<\/p>\n<p>Gustavo Manrique, titular del Ministerio de Ambiente, Agua y Transici\u00f3n Ecol\u00f3gica, destac\u00f3 que las \u00e1reas protegidas son la principal estrategia de conservaci\u00f3n del pa\u00eds y la conservaci\u00f3n es un mecanismo de desarrollo que genera empleo y bienestar, \u201cpues los visitantes no solo acuden a estos espacios a disfrutar de la biodiversidad, tambi\u00e9n contratan gu\u00edas, consumen alimentos, comprar artesan\u00edas, dinamizando la econom\u00eda local\u00bb, se\u00f1al\u00f3. La Autoridad tambi\u00e9n destac\u00f3 el trabajo conjunto y articulado de todas las instituciones, organizaciones y comunidad, \u201c<em>veo esta mesa y me imagino al Ecuador que necesitamos<\/em>\u201d, dijo al explicar la importancia de aunar esfuerzos. \u201cBusquemos el Ecuador de los \u201ccon\u201d, no con los \u201ccontra\u201d, trabajemos en las coincidencias\u201d, dijo al comentar que el turismo ahora se enfoca en experiencias y sostenibilidad, y en el relacionamiento con las comunidades.<\/p>\n<p>El ministro de Turismo, Niels Olsen, explic\u00f3 que hay que utilizar al turismo como un veh\u00edculo de conservaci\u00f3n y desarrollo, pues donde hay turismo hay un impacto positivo, tanto en lo econ\u00f3mico como en lo social y ambiental. \u201c<em>Para tener una gesti\u00f3n sostenible debemos involucrar a las comunidades locales todo el tiempo<\/em>\u201d dijo al sostener que las \u00e1reas protegidas deben ser el producto estrella del Ecuador continental para las visitas de turistas extranjeros. El ministro Olsen se reuni\u00f3 adem\u00e1s con los operadores tur\u00edsticos de la zona para escuchar sus necesidades y establecer una hoja de ruta que permita una reactivaci\u00f3n efectiva en esta zona de gran inter\u00e9s tur\u00edstico.<\/p>\n<p>El alcalde de Riobamba, Napole\u00f3n Cadena, se\u00f1al\u00f3 que se ha generado una alianza estrat\u00e9gica que permitir\u00e1 impulsar el desarrollo del turismo en la ciudad y la provincia, convirti\u00e9ndose en una oportunidad de crecimiento para las familias del sector.<\/p>\n<p>Esto \u00faltimo lo confirm\u00f3 Faustino Guamanshi, presidente de la Precooperativa de las comunidades de la Reserva de Produccio\u0301n de Fauna Chimborazo, quien se\u00f1al\u00f3 que los pobladores de la zona tienen toda la disposici\u00f3n de trabajar en conjunto con las autoridades para el desarrollo de este punto de atenci\u00f3n y de la Reserva en general.<\/p>\n<p>Hugo Fern\u00e1ndez, gobernador de Chimborazo, aplaudi\u00f3 la visita de las autoridades, asegurando que es una muestra de la articulaci\u00f3n y el compromiso del trabajo del Gobierno central por el bienestar de la provincia.<\/p>\n<p>De su parte, Luis Falcon\u00ed, en representaci\u00f3n de la Prefectura de Chimborazo, indic\u00f3 que los operadores tur\u00edsticos de la zona podr\u00e1n beneficiarse de la transferencia de dominio al GAD para gestionar la atenci\u00f3n en el Refugio. Coment\u00f3 adem\u00e1s que desde la Prefectura se est\u00e1 invirtiendo en la se\u00f1alizaci\u00f3n tur\u00edstica en la Reserva de Fauna Chimborazo, con el compromiso de mejorar la v\u00eda desde el ingreso hasta el Refugio para beneficio de los visitantes que arriban a esta \u00e1rea.<\/p>\n<p>El monta\u00f1ista ecuatoriano Iv\u00e1n Vallejo, dijo que este encuentro demostr\u00f3 humildad y generosidad por el bienestar del pa\u00eds. \u201c<em>Me voy con el coraz\u00f3n lleno porque este encuentro es real y en beneficio del pa\u00eds, para que sea reconocido como un destino maravilloso por las bondades que tenemos. Al pie de esta monta\u00f1a han ocurrido cosas lind\u00edsimas este d\u00eda<\/em>\u201d enfatiz\u00f3.<\/p>\n<p>El Refugio Hermanos Carrel est\u00e1 situado a 4.850 m y es el \u00fanico refugio a escala nacional que tiene accesibilidad vehicular a esta altura, es parte de la Reserva de Fauna Chimborazo que recibe a un 95% de visitantes ecuatorianos de diversas zonas del pa\u00eds, siendo un importante atractivo del turismo dom\u00e9stico, adem\u00e1s del internacional, por lo que se busca fortalecer la promocio\u0301n del canto\u0301n Riobamba. Al momento cuenta con servicio de cafeter\u00eda, punto de informaci\u00f3n y bater\u00eda sanitaria. En los pr\u00f3ximos d\u00edas se habilitar\u00e1 el servicio de alojamiento para actividades de alta monta\u00f1a.<\/p>\n<p><strong>Direcci\u00f3n de Comunicaci\u00f3n <\/strong><br \/>\n<strong>Ministerio del Ambiente, Agua y Transici\u00f3n Ecol\u00f3gica<\/strong><\/p>\n","protected":false},"excerpt":{"rendered":"<p class=\"excerpt\">Bolet\u00edn N\u00b0 104 14 de abril de 2022 (Riobamba, Chimborazo). &#8211; El Refugio de Alta Monta\u00f1a Hermanos Carrel, ubicado en la Reserva de Producci\u00f3n de Fauna Chimborazo, vuelve a atender desde hoy, tras dos a\u00f1os de permanecer cerrado, inicialmente por la pandemia, luego por el fin de la concesi\u00f3n del mismo y posteriormente por el proceso de adecuaci\u00f3n de la&hellip; <a href=\"https:\/\/www.ambienteyenergia.gob.ec\/ambiente\/el-refugio-hermanos-carrel-en-la-reserva-chimborazo-vuelve-a-abrir-sus-puertas\/\">Read more &rarr;<\/a><\/p>\n","protected":false},"author":8,"featured_media":40709,"comment_status":"closed","ping_status":"closed","sticky":false,"template":"","format":"standard","meta":{"footnotes":""},"categories":[4,10],"tags":[],"class_list":["post-40708","post","type-post","status-publish","format-standard","has-post-thumbnail","hentry","category-noticias","category-noticias-destacadas","xfolkentry"],"_links":{"self":[{"href":"https:\/\/www.ambienteyenergia.gob.ec\/ambiente\/wp-json\/wp\/v2\/posts\/40708","targetHints":{"allow":["GET"]}}],"collection":[{"href":"https:\/\/www.ambienteyenergia.gob.ec\/ambiente\/wp-json\/wp\/v2\/posts"}],"about":[{"href":"https:\/\/www.ambienteyenergia.gob.ec\/ambiente\/wp-json\/wp\/v2\/types\/post"}],"author":[{"embeddable":true,"href":"https:\/\/www.ambienteyenergia.gob.ec\/ambiente\/wp-json\/wp\/v2\/users\/8"}],"replies":[{"embeddable":true,"href":"https:\/\/www.ambienteyenergia.gob.ec\/ambiente\/wp-json\/wp\/v2\/comments?post=40708"}],"version-history":[{"count":1,"href":"https:\/\/www.ambienteyenergia.gob.ec\/ambiente\/wp-json\/wp\/v2\/posts\/40708\/revisions"}],"predecessor-version":[{"id":40710,"href":"https:\/\/www.ambienteyenergia.gob.ec\/ambiente\/wp-json\/wp\/v2\/posts\/40708\/revisions\/40710"}],"wp:featuredmedia":[{"embeddable":true,"href":"https:\/\/www.ambienteyenergia.gob.ec\/ambiente\/wp-json\/wp\/v2\/media\/40709"}],"wp:attachment":[{"href":"https:\/\/www.ambienteyenergia.gob.ec\/ambiente\/wp-json\/wp\/v2\/media?parent=40708"}],"wp:term":[{"taxonomy":"category","embeddable":true,"href":"https:\/\/www.ambienteyenergia.gob.ec\/ambiente\/wp-json\/wp\/v2\/categories?post=40708"},{"taxonomy":"post_tag","embeddable":true,"href":"https:\/\/www.ambienteyenergia.gob.ec\/ambiente\/wp-json\/wp\/v2\/tags?post=40708"}],"curies":[{"name":"wp","href":"https:\/\/api.w.org\/{rel}","templated":true}]}}