{"id":40692,"date":"2022-04-13T11:48:20","date_gmt":"2022-04-13T16:48:20","guid":{"rendered":"https:\/\/www.ambiente.gob.ec\/?p=40692"},"modified":"2022-04-13T11:48:20","modified_gmt":"2022-04-13T16:48:20","slug":"arca-emitio-normativas-para-mejorar-la-gestion-del-agua-potable","status":"publish","type":"post","link":"https:\/\/www.ambienteyenergia.gob.ec\/ambiente\/arca-emitio-normativas-para-mejorar-la-gestion-del-agua-potable\/","title":{"rendered":"ARCA emiti\u00f3 normativas para mejorar la gesti\u00f3n del agua potable"},"content":{"rendered":"<p style=\"text-align: right;\"><strong>Bolet\u00edn N\u00b0 102<\/strong><br \/>\n<strong>13 de abril de 2022<\/strong><\/p>\n<p>La Agencia de Regulaci\u00f3n y Control del Agua (ARCA) con el objetivo de promover la gesti\u00f3n del uso eficiente del agua potable en el pa\u00eds e incrementar la efectividad en el control t\u00e9cnico de la calidad del agua de consumo humano, emiti\u00f3 la regulaci\u00f3n Nro. 011-2022 y la regulaci\u00f3n Nro. 012-2022, mismas que fueron publicadas en el Registro Oficial Org\u00e1nico el 11 de abril de 2022.<\/p>\n<p>La Regulaci\u00f3n 011, establece criterios t\u00e9cnicos para reducir p\u00e9rdidas de agua potable en los sistemas operados por los municipios y Juntas Administradoras de Agua Potable (JAAP), as\u00ed como la aplicaci\u00f3n de un programa de mejoras; por esta raz\u00f3n los prestadores p\u00fablicos y comunitarios de este servicio deber\u00e1n presentar un plan de uso eficiente de agua, que considere la instalaci\u00f3n de medidores para conocer los vol\u00famenes reales distribuidos y facturados, desde la planta de tratamiento de agua hasta el ingreso a cada una de las viviendas.<\/p>\n<p>Mientras que, la Regulaci\u00f3n 012 establece lineamientos para el control a la calidad del agua destinada al consumo humano en todas las etapas de los sistemas de abastecimiento de agua: captaci\u00f3n, tratamiento y redes de distribuci\u00f3n a domicilios.<\/p>\n<p>La normativa es de aplicaci\u00f3n obligatoria para todos los prestadores del servicio de agua potable, que tienen la responsabilidad de monitorear y vigilar la calidad del recurso h\u00eddrico en sus sistemas de abastecimiento. Qui\u00e9nes adem\u00e1s, estar\u00e1n sujetos a dos tipos de control: preventivo y operativo.<\/p>\n<p>El control preventivo determina las caracter\u00edsticas f\u00edsicas, qu\u00edmicas y microbiol\u00f3gicas del agua cruda antes de ser captada por los prestadores para su tratamiento. Por otro lado, el control operativo asegurar\u00e1 que el agua que se distribuye a la poblaci\u00f3n sea apta para consumo humano.<\/p>\n<p>En este marco, Mar\u00eda Luisa Coello, directora Ejecutiva de la ARCA, manifest\u00f3 que \u201cmediante estas dos regulaciones buscamos incrementar el nivel de calidad del agua de consumo humano en todos los sistemas municipales y rurales del pa\u00eds para disminuir el riesgo por enfermedades gastrointestinales y desnutrici\u00f3n infantil; y por otro lado, promover el uso eficiente del agua potable para beneficiar a m\u00e1s familias ecuatorianas con mayor cobertura del l\u00edquido vital\u201d.<\/p>\n<p>Con la aplicaci\u00f3n de estas normativas ARCA tendr\u00e1 herramientas que permitan el control de la calidad de agua de consumo humano en el pa\u00eds, a trav\u00e9s de recopilaci\u00f3n de informaci\u00f3n, implementaci\u00f3n de planes de mejora y controles en territorio. Adem\u00e1s, determinar p\u00e9rdidas de agua potable para realizar un control efectivo direccionado a la optimizaci\u00f3n y gesti\u00f3n adecuada del servicio.<\/p>\n<p><strong>Direcci\u00f3n de Comunicaci\u00f3n <\/strong><br \/>\n<strong>Ministerio de Ambiente, Agua y Transici\u00f3n Ecol\u00f3gica<\/strong><br \/>\n<strong>Agencia de Regulaci\u00f3n y Control del Agua<\/strong><\/p>\n","protected":false},"excerpt":{"rendered":"<p class=\"excerpt\">Bolet\u00edn N\u00b0 102 13 de abril de 2022 La Agencia de Regulaci\u00f3n y Control del Agua (ARCA) con el objetivo de promover la gesti\u00f3n del uso eficiente del agua potable en el pa\u00eds e incrementar la efectividad en el control t\u00e9cnico de la calidad del agua de consumo humano, emiti\u00f3 la regulaci\u00f3n Nro. 011-2022 y la regulaci\u00f3n Nro. 012-2022, mismas&hellip; <a href=\"https:\/\/www.ambienteyenergia.gob.ec\/ambiente\/arca-emitio-normativas-para-mejorar-la-gestion-del-agua-potable\/\">Read more &rarr;<\/a><\/p>\n","protected":false},"author":8,"featured_media":40693,"comment_status":"closed","ping_status":"closed","sticky":false,"template":"","format":"standard","meta":{"footnotes":""},"categories":[4,10],"tags":[],"class_list":["post-40692","post","type-post","status-publish","format-standard","has-post-thumbnail","hentry","category-noticias","category-noticias-destacadas","xfolkentry"],"_links":{"self":[{"href":"https:\/\/www.ambienteyenergia.gob.ec\/ambiente\/wp-json\/wp\/v2\/posts\/40692","targetHints":{"allow":["GET"]}}],"collection":[{"href":"https:\/\/www.ambienteyenergia.gob.ec\/ambiente\/wp-json\/wp\/v2\/posts"}],"about":[{"href":"https:\/\/www.ambienteyenergia.gob.ec\/ambiente\/wp-json\/wp\/v2\/types\/post"}],"author":[{"embeddable":true,"href":"https:\/\/www.ambienteyenergia.gob.ec\/ambiente\/wp-json\/wp\/v2\/users\/8"}],"replies":[{"embeddable":true,"href":"https:\/\/www.ambienteyenergia.gob.ec\/ambiente\/wp-json\/wp\/v2\/comments?post=40692"}],"version-history":[{"count":1,"href":"https:\/\/www.ambienteyenergia.gob.ec\/ambiente\/wp-json\/wp\/v2\/posts\/40692\/revisions"}],"predecessor-version":[{"id":40694,"href":"https:\/\/www.ambienteyenergia.gob.ec\/ambiente\/wp-json\/wp\/v2\/posts\/40692\/revisions\/40694"}],"wp:featuredmedia":[{"embeddable":true,"href":"https:\/\/www.ambienteyenergia.gob.ec\/ambiente\/wp-json\/wp\/v2\/media\/40693"}],"wp:attachment":[{"href":"https:\/\/www.ambienteyenergia.gob.ec\/ambiente\/wp-json\/wp\/v2\/media?parent=40692"}],"wp:term":[{"taxonomy":"category","embeddable":true,"href":"https:\/\/www.ambienteyenergia.gob.ec\/ambiente\/wp-json\/wp\/v2\/categories?post=40692"},{"taxonomy":"post_tag","embeddable":true,"href":"https:\/\/www.ambienteyenergia.gob.ec\/ambiente\/wp-json\/wp\/v2\/tags?post=40692"}],"curies":[{"name":"wp","href":"https:\/\/api.w.org\/{rel}","templated":true}]}}