{"id":40579,"date":"2022-03-28T17:28:35","date_gmt":"2022-03-28T22:28:35","guid":{"rendered":"https:\/\/www.ambiente.gob.ec\/?p=40579"},"modified":"2022-03-28T18:05:21","modified_gmt":"2022-03-28T23:05:21","slug":"dos-nuevas-especies-de-ranas-de-cristal-fueron-descubiertas-en-ecuador","status":"publish","type":"post","link":"https:\/\/www.ambienteyenergia.gob.ec\/ambiente\/dos-nuevas-especies-de-ranas-de-cristal-fueron-descubiertas-en-ecuador\/","title":{"rendered":"Dos nuevas especies de ranas de cristal fueron descubiertas en Ecuador"},"content":{"rendered":"<p><strong>Bolet\u00edn N\u00b0 083<\/strong><\/p>\n<p style=\"text-align: right;\"><strong>28 de marzo de 2022<\/strong><\/p>\n<p>Investigadores nacionales e internacionales descubrieron en los bosques nublados del noroccidente ecuatoriano dos nuevas especies de ranas de cristal (g\u00e9nero <em>Hyalinobatrachium<\/em>), que \u00a0fueron bautizadas como rana de cristal de Mashpi (<em>Hyalinobatrachium mashpi<\/em>) y rana de cristal de Nouns (<em>Hyalinobatrachium nouns<\/em>),<\/p>\n<p>La rana de cristal de Mashpi (<em>Hyalinobatrachium mashpi<\/em>) vive en los bosques de las Reservas Tayra y Mashpi en el Noroccidente de Pichincha, y la rana de cristal de Nouns (<em>Hyalinobatrachium nouns<\/em>) habita en los bosques suroccidentales de Imbabura, en la Reserva R\u00edo Manduriacu y Los Cedros. Ambos bosques est\u00e1n ubicados dentro de la Reserva de la Bi\u00f3sfera del Choc\u00f3 Andino, uno de los ecosistemas m\u00e1s biodiversos del pa\u00eds.<\/p>\n<p>Se conoce como ranas de cristal al grupo de anfibios de la familia <em>Centrolenidae<\/em>, que poseen su piel dorsal transparente o completamente transl\u00facida. Por lo cual, se puede ver con facilidad y en vivo la disposici\u00f3n de sus \u00f3rganos, huesos e incluso movimientos fisiol\u00f3gicos como el flujo de la sangre, digesti\u00f3n, respiraci\u00f3n, etc.<\/p>\n<p>Como la mayor\u00eda de los anfibios, las ranas de cristal son indicadores del buen estado de conservaci\u00f3n del bosque y limpieza de los cuerpos de agua. En nuestro pa\u00eds, se conocen 64 especies de ranas de cristal, incluidas estas dos nuevas especies, de las cuales 19 solo viven en Ecuador, es decir son \u00fanicas. Estas ranitas son uno de los grupos de anfibios m\u00e1s carism\u00e1ticos y conocidos a nivel mundial, aunque solo viven en bosques tropicales de Centro y Sudam\u00e9rica.<\/p>\n<p>Los anfibios no pueden movilizarse grandes distancias, muchas veces r\u00edos, valles o monta\u00f1as son l\u00edmites para separar una especie de otra, por eso conservar, proteger y estudiar los Andes y sus valles interandinos debe ser una prioridad para el Ecuador.<\/p>\n<p>La investigaci\u00f3n fue liderada por Juan Manuel Guayasam\u00edn de la Universidad San Francisco de Quito y cont\u00f3 con la participaci\u00f3n de <a href=\"https:\/\/peerj.com\/articles\/13109\/#author-2\">Rebecca M. Brunner<\/a>, <a href=\"https:\/\/peerj.com\/articles\/13109\/#author-3\">Anyelet Valencia-Aguilar<\/a>, <a href=\"https:\/\/peerj.com\/articles\/13109\/#author-4\">Daniela Franco-Mena<\/a>, <a href=\"https:\/\/peerj.com\/articles\/13109\/#author-5\">Eva Ringler<\/a>, <a href=\"https:\/\/peerj.com\/articles\/13109\/#author-6\">Anderson Medina Armijos<\/a>, <a href=\"https:\/\/peerj.com\/articles\/13109\/#author-7\">Carlos Morochz<\/a>, <a href=\"https:\/\/peerj.com\/articles\/13109\/#author-8\">Lucas Bustamante<\/a>, <a href=\"https:\/\/peerj.com\/articles\/13109\/#author-9\">Ross J. Maynard<\/a> y <a href=\"https:\/\/peerj.com\/articles\/13109\/#author-10\">Jaime Culebras<\/a>.<\/p>\n<p>El art\u00edculo cient\u00edfico completo puede descargarlo en el siguiente enlace: <a href=\"https:\/\/peerj.com\/articles\/13109\/\">https:\/\/peerj.com\/articles\/13109\/<\/a><\/p>\n<p><strong>Direcci\u00f3n de Comunicaci\u00f3n<\/strong><\/p>\n<p><strong>Ministerio del Ambiente, Agua y Tradici\u00f3n Ecol\u00f3gica<\/strong><\/p>\n","protected":false},"excerpt":{"rendered":"<p class=\"excerpt\">Bolet\u00edn N\u00b0 083 28 de marzo de 2022 Investigadores nacionales e internacionales descubrieron en los bosques nublados del noroccidente ecuatoriano dos nuevas especies de ranas de cristal (g\u00e9nero Hyalinobatrachium), que \u00a0fueron bautizadas como rana de cristal de Mashpi (Hyalinobatrachium mashpi) y rana de cristal de Nouns (Hyalinobatrachium nouns), La rana de cristal de Mashpi (Hyalinobatrachium mashpi) vive en los bosques&hellip; <a href=\"https:\/\/www.ambienteyenergia.gob.ec\/ambiente\/dos-nuevas-especies-de-ranas-de-cristal-fueron-descubiertas-en-ecuador\/\">Read more &rarr;<\/a><\/p>\n","protected":false},"author":14,"featured_media":40580,"comment_status":"closed","ping_status":"closed","sticky":false,"template":"","format":"standard","meta":{"footnotes":""},"categories":[4,10],"tags":[],"class_list":["post-40579","post","type-post","status-publish","format-standard","has-post-thumbnail","hentry","category-noticias","category-noticias-destacadas","xfolkentry"],"_links":{"self":[{"href":"https:\/\/www.ambienteyenergia.gob.ec\/ambiente\/wp-json\/wp\/v2\/posts\/40579","targetHints":{"allow":["GET"]}}],"collection":[{"href":"https:\/\/www.ambienteyenergia.gob.ec\/ambiente\/wp-json\/wp\/v2\/posts"}],"about":[{"href":"https:\/\/www.ambienteyenergia.gob.ec\/ambiente\/wp-json\/wp\/v2\/types\/post"}],"author":[{"embeddable":true,"href":"https:\/\/www.ambienteyenergia.gob.ec\/ambiente\/wp-json\/wp\/v2\/users\/14"}],"replies":[{"embeddable":true,"href":"https:\/\/www.ambienteyenergia.gob.ec\/ambiente\/wp-json\/wp\/v2\/comments?post=40579"}],"version-history":[{"count":3,"href":"https:\/\/www.ambienteyenergia.gob.ec\/ambiente\/wp-json\/wp\/v2\/posts\/40579\/revisions"}],"predecessor-version":[{"id":40583,"href":"https:\/\/www.ambienteyenergia.gob.ec\/ambiente\/wp-json\/wp\/v2\/posts\/40579\/revisions\/40583"}],"wp:featuredmedia":[{"embeddable":true,"href":"https:\/\/www.ambienteyenergia.gob.ec\/ambiente\/wp-json\/wp\/v2\/media\/40580"}],"wp:attachment":[{"href":"https:\/\/www.ambienteyenergia.gob.ec\/ambiente\/wp-json\/wp\/v2\/media?parent=40579"}],"wp:term":[{"taxonomy":"category","embeddable":true,"href":"https:\/\/www.ambienteyenergia.gob.ec\/ambiente\/wp-json\/wp\/v2\/categories?post=40579"},{"taxonomy":"post_tag","embeddable":true,"href":"https:\/\/www.ambienteyenergia.gob.ec\/ambiente\/wp-json\/wp\/v2\/tags?post=40579"}],"curies":[{"name":"wp","href":"https:\/\/api.w.org\/{rel}","templated":true}]}}