{"id":40378,"date":"2022-02-15T08:43:44","date_gmt":"2022-02-15T13:43:44","guid":{"rendered":"https:\/\/www.ambiente.gob.ec\/?p=40378"},"modified":"2022-02-15T08:43:44","modified_gmt":"2022-02-15T13:43:44","slug":"ministerio-triplico-la-extension-del-refugio-de-vida-silvestre-manglares-el-morro","status":"publish","type":"post","link":"https:\/\/www.ambienteyenergia.gob.ec\/ambiente\/ministerio-triplico-la-extension-del-refugio-de-vida-silvestre-manglares-el-morro\/","title":{"rendered":"Ministerio triplic\u00f3 la extensi\u00f3n del Refugio de Vida Silvestre Manglares El Morro"},"content":{"rendered":"<p style=\"text-align: right;\"><strong>Bolet\u00edn N\u00b0 055<\/strong><br \/>\n<strong>15 de febrero de 2021<\/strong><\/p>\n<p>M\u00e1s de 25.000 hect\u00e1reas fueron agregadas al Refugio de Vida Silvestre Manglares El Morro (REVISMEM), ampliando la extensi\u00f3n del \u00e1rea protegida de 10.130 a un total de 35.373 hect\u00e1reas para conservaci\u00f3n, turismo y aprovechamiento sostenible. El aumento de la superficie del \u00e1rea protegida fue solicitado por la \u201cMancomunidad de Asociaciones Pesqueras de Puerto El Morro para la Conservaci\u00f3n de los Manglares y sus Recursos Pesqueros\u201d y el Gobierno Aut\u00f3nomo Descentralizado (GAD) El Morro.<\/p>\n<p>La ampliaci\u00f3n, que se dio a conocer durante un evento presidido por el Ministro Gustavo Manrique, busca garantizar la conservaci\u00f3n de los manglares de la zona, sitios de recolecci\u00f3n de recursos bioacu\u00e1ticos como cangrejo rojo y concha prieta, principal actividad econ\u00f3mica de los habitantes de las comunidades cercanas; fortalecer la protecci\u00f3n de especies insignes del \u00e1rea protegida como los delfines nariz de botella y las fragatas, cuya poblaci\u00f3n (solo aves) es una de las m\u00e1s grandes de la costa del Pac\u00edfico de Sudam\u00e9rica; e impulsar el turismo sostenible, lo que se traduce en m\u00e1s empleos y consecuentemente en mejores condiciones de vida para los habitantes del sector.<\/p>\n<p>\u201cPara el Gobierno del Encuentro, la protecci\u00f3n del ambiente y el desarrollo de las comunidades son prioridades. La ampliaci\u00f3n del Refugio Manglares El Morro asegura recursos para los pescadores artesanales y mejora las condiciones para el turismo sostenible, lo que a su vez impulsa la dinamizaci\u00f3n de la econom\u00eda local, la generaci\u00f3n de empleos y la seguridad\u201d, afirm\u00f3 el Ministro Manrique.<\/p>\n<p>Por su parte, Santiago Morales, representante de la Mancomunidad de Asociaciones Pesqueras de Puerto El Morro, agradeci\u00f3 el apoyo y el trabajo realizado por el Ministerio. \u201cEsta ampliaci\u00f3n nos compromete a asumir mayor responsabilidad en la protecci\u00f3n y conservaci\u00f3n de los manglares y la buena administraci\u00f3n de los recursos. Su presencia aqu\u00ed es muestra de la preocupaci\u00f3n de las autoridades no solo por el territorio protegido sino tambi\u00e9n por nosotros y su personal, quienes trabajamos de manera conjunta d\u00eda a d\u00eda\u201d, se\u00f1al\u00f3.<\/p>\n<p>En el proceso de redelimitaci\u00f3n del \u00e1rea protegida se cont\u00f3 con el apoyo de Conservaci\u00f3n Internacional. Durante el evento, el Director Ejecutivo de esta organizaci\u00f3n, Luis Su\u00e1rez, felicit\u00f3 el trabajo conjunto entre Ministerio y comunidad a favor de la protecci\u00f3n de la biodiversidad y el aprovechamiento sostenible de los recursos asociados al manglar.<\/p>\n<p>El evento tambi\u00e9n cont\u00f3 con la presencia de Bianca Dager, viceministra de Ambiente, Glenda Ortega, subsecretaria de Patrimonio Natural; Roberto Pachacama, director de \u00c1reas Protegidas y Otras Formas de Conservaci\u00f3n; Oscar Vascones, administrador del REVISMEM; Williams Consuegra, presidente del GAD Parroquial El Morro; y moradores de la zona.<\/p>\n<p><strong>Direcci\u00f3n de Comunicaci\u00f3n<\/strong><br \/>\n<strong>Ministerio del Ambiente, Agua y Transici\u00f3n Ecol\u00f3gica<\/strong><\/p>\n","protected":false},"excerpt":{"rendered":"<p class=\"excerpt\">Bolet\u00edn N\u00b0 055 15 de febrero de 2021 M\u00e1s de 25.000 hect\u00e1reas fueron agregadas al Refugio de Vida Silvestre Manglares El Morro (REVISMEM), ampliando la extensi\u00f3n del \u00e1rea protegida de 10.130 a un total de 35.373 hect\u00e1reas para conservaci\u00f3n, turismo y aprovechamiento sostenible. El aumento de la superficie del \u00e1rea protegida fue solicitado por la \u201cMancomunidad de Asociaciones Pesqueras de&hellip; <a href=\"https:\/\/www.ambienteyenergia.gob.ec\/ambiente\/ministerio-triplico-la-extension-del-refugio-de-vida-silvestre-manglares-el-morro\/\">Read more &rarr;<\/a><\/p>\n","protected":false},"author":8,"featured_media":40379,"comment_status":"closed","ping_status":"closed","sticky":false,"template":"","format":"standard","meta":{"footnotes":""},"categories":[4,10],"tags":[],"class_list":["post-40378","post","type-post","status-publish","format-standard","has-post-thumbnail","hentry","category-noticias","category-noticias-destacadas","xfolkentry"],"_links":{"self":[{"href":"https:\/\/www.ambienteyenergia.gob.ec\/ambiente\/wp-json\/wp\/v2\/posts\/40378","targetHints":{"allow":["GET"]}}],"collection":[{"href":"https:\/\/www.ambienteyenergia.gob.ec\/ambiente\/wp-json\/wp\/v2\/posts"}],"about":[{"href":"https:\/\/www.ambienteyenergia.gob.ec\/ambiente\/wp-json\/wp\/v2\/types\/post"}],"author":[{"embeddable":true,"href":"https:\/\/www.ambienteyenergia.gob.ec\/ambiente\/wp-json\/wp\/v2\/users\/8"}],"replies":[{"embeddable":true,"href":"https:\/\/www.ambienteyenergia.gob.ec\/ambiente\/wp-json\/wp\/v2\/comments?post=40378"}],"version-history":[{"count":1,"href":"https:\/\/www.ambienteyenergia.gob.ec\/ambiente\/wp-json\/wp\/v2\/posts\/40378\/revisions"}],"predecessor-version":[{"id":40380,"href":"https:\/\/www.ambienteyenergia.gob.ec\/ambiente\/wp-json\/wp\/v2\/posts\/40378\/revisions\/40380"}],"wp:featuredmedia":[{"embeddable":true,"href":"https:\/\/www.ambienteyenergia.gob.ec\/ambiente\/wp-json\/wp\/v2\/media\/40379"}],"wp:attachment":[{"href":"https:\/\/www.ambienteyenergia.gob.ec\/ambiente\/wp-json\/wp\/v2\/media?parent=40378"}],"wp:term":[{"taxonomy":"category","embeddable":true,"href":"https:\/\/www.ambienteyenergia.gob.ec\/ambiente\/wp-json\/wp\/v2\/categories?post=40378"},{"taxonomy":"post_tag","embeddable":true,"href":"https:\/\/www.ambienteyenergia.gob.ec\/ambiente\/wp-json\/wp\/v2\/tags?post=40378"}],"curies":[{"name":"wp","href":"https:\/\/api.w.org\/{rel}","templated":true}]}}