{"id":40070,"date":"2022-01-11T17:18:22","date_gmt":"2022-01-11T22:18:22","guid":{"rendered":"https:\/\/www.ambiente.gob.ec\/?p=40070"},"modified":"2022-01-12T08:24:25","modified_gmt":"2022-01-12T13:24:25","slug":"puntilla-de-santa-elena-una-de-las-areas-protegidas-mas-visitadas-en-el-2021","status":"publish","type":"post","link":"https:\/\/www.ambienteyenergia.gob.ec\/ambiente\/puntilla-de-santa-elena-una-de-las-areas-protegidas-mas-visitadas-en-el-2021\/","title":{"rendered":"Puntilla de Santa Elena una de las \u00e1reas protegidas m\u00e1s visitadas en el 2021"},"content":{"rendered":"<p style=\"text-align: right;\"><strong>Bolet\u00edn N\u00b0 014<\/strong><strong><br \/>\n11 de enero de 2022<\/strong><\/p>\n<p>Administrada por el Ministerio del Ambiente, Agua y Transici\u00f3n Ecol\u00f3gica, la Reserva de Producci\u00f3n de Fauna Marino Costera Puntilla de Santa Elena, ubicada en el cant\u00f3n Salinas, en el a\u00f1o 2021, recibi\u00f3 un total de 277.955 turistas entre nacionales y extranjeros y, es considerada una de las \u00e1reas protegidas m\u00e1s visitadas a nivel nacional.<\/p>\n<p>En este territorio, a trav\u00e9s del personal t\u00e9cnico de esta cartera de Estado, se ha implementado medidas para el manejo tur\u00edstico responsable a fin de garantizar una visita segura, respetando los espacios, zonificaci\u00f3n, conservaci\u00f3n de la flora y fauna y, el cumplimiento de medidas de bioseguridad.<\/p>\n<p>Estas acciones fueron fortalecidas por campa\u00f1as educativas que brindan a los visitantes, dirigidas por guardaparques que facilitan las normas de visita y verifican el cumplimiento de los protocolos de bioseguridad, que incluye la presentaci\u00f3n del carnet o certificado de vacunaci\u00f3n, distanciamiento f\u00edsico y el uso de alcohol gel.<\/p>\n<p>Patricia Viteri, turista de la ciudad de Guayaquil, felicit\u00f3 la gesti\u00f3n del ministerio y, mencion\u00f3 que \u201clas medidas de control en el ingreso del \u00e1rea son una decisi\u00f3n acertada y necesaria para evitar la propagaci\u00f3n del contagio por Covid 19\u201d.<\/p>\n<p>Durante el a\u00f1o pasado, se ha realizado la entrega de insumos con distintivos del \u00e1rea protegida (gorras, llaveros, esferos, jarros), lo cual motiva al ciudadano al cuidado de los ecosistemas marinos y costeros, estas acciones fueron parte de iniciativas de educaci\u00f3n ambiental.<\/p>\n<p>El manejo adecuado de visitas dentro de \u00e1reas protegidas permite el desarrollo tur\u00edstico y la conservaci\u00f3n, por lo cual, la autoridad ambiental y de agua tiene como objetivo el mejorar los servicios tur\u00edsticos y garantizar la seguridad de los visitantes.<\/p>\n<p><strong>\u00a0<\/strong><strong>Datos<\/strong><\/p>\n<p>La Reserva de Producci\u00f3n de Fauna Marina Costera Puntilla de Santa Elena fue creada el\u00a023 de septiembre\u00a0de 2008. Actualmente, cuenta con sitios de visita como La Chocolatera, las Playas de\u00a0Mar\u00a0Bravo, Punta Carnero y \u00a0la Lober\u00eda. Se han identificado sitios de visita potenciales como el mirador del cerro La Puntilla y un circuito entre las playas de Tres Cruces y Punta Brava.<\/p>\n<p>El horario de visita al \u00e1rea protegida es de lunes a domingo de 08h00 a 16h00 (hora de ingreso), horario de permanencia dentro del \u00e1rea hasta las 17h00.<\/p>\n<p><strong>Direcci\u00f3n de Comunicaci\u00f3n<\/strong><\/p>\n<p><strong>Ministerio del Ambiente, Agua y Transici\u00f3n Ecol\u00f3gica<\/strong><\/p>\n","protected":false},"excerpt":{"rendered":"<p class=\"excerpt\">Bolet\u00edn N\u00b0 014 11 de enero de 2022 Administrada por el Ministerio del Ambiente, Agua y Transici\u00f3n Ecol\u00f3gica, la Reserva de Producci\u00f3n de Fauna Marino Costera Puntilla de Santa Elena, ubicada en el cant\u00f3n Salinas, en el a\u00f1o 2021, recibi\u00f3 un total de 277.955 turistas entre nacionales y extranjeros y, es considerada una de las \u00e1reas protegidas m\u00e1s visitadas a&hellip; <a href=\"https:\/\/www.ambienteyenergia.gob.ec\/ambiente\/puntilla-de-santa-elena-una-de-las-areas-protegidas-mas-visitadas-en-el-2021\/\">Read more &rarr;<\/a><\/p>\n","protected":false},"author":14,"featured_media":40083,"comment_status":"closed","ping_status":"closed","sticky":false,"template":"","format":"standard","meta":{"footnotes":""},"categories":[4,10],"tags":[],"class_list":["post-40070","post","type-post","status-publish","format-standard","has-post-thumbnail","hentry","category-noticias","category-noticias-destacadas","xfolkentry"],"_links":{"self":[{"href":"https:\/\/www.ambienteyenergia.gob.ec\/ambiente\/wp-json\/wp\/v2\/posts\/40070","targetHints":{"allow":["GET"]}}],"collection":[{"href":"https:\/\/www.ambienteyenergia.gob.ec\/ambiente\/wp-json\/wp\/v2\/posts"}],"about":[{"href":"https:\/\/www.ambienteyenergia.gob.ec\/ambiente\/wp-json\/wp\/v2\/types\/post"}],"author":[{"embeddable":true,"href":"https:\/\/www.ambienteyenergia.gob.ec\/ambiente\/wp-json\/wp\/v2\/users\/14"}],"replies":[{"embeddable":true,"href":"https:\/\/www.ambienteyenergia.gob.ec\/ambiente\/wp-json\/wp\/v2\/comments?post=40070"}],"version-history":[{"count":1,"href":"https:\/\/www.ambienteyenergia.gob.ec\/ambiente\/wp-json\/wp\/v2\/posts\/40070\/revisions"}],"predecessor-version":[{"id":40072,"href":"https:\/\/www.ambienteyenergia.gob.ec\/ambiente\/wp-json\/wp\/v2\/posts\/40070\/revisions\/40072"}],"wp:featuredmedia":[{"embeddable":true,"href":"https:\/\/www.ambienteyenergia.gob.ec\/ambiente\/wp-json\/wp\/v2\/media\/40083"}],"wp:attachment":[{"href":"https:\/\/www.ambienteyenergia.gob.ec\/ambiente\/wp-json\/wp\/v2\/media?parent=40070"}],"wp:term":[{"taxonomy":"category","embeddable":true,"href":"https:\/\/www.ambienteyenergia.gob.ec\/ambiente\/wp-json\/wp\/v2\/categories?post=40070"},{"taxonomy":"post_tag","embeddable":true,"href":"https:\/\/www.ambienteyenergia.gob.ec\/ambiente\/wp-json\/wp\/v2\/tags?post=40070"}],"curies":[{"name":"wp","href":"https:\/\/api.w.org\/{rel}","templated":true}]}}