{"id":39792,"date":"2021-11-19T13:13:15","date_gmt":"2021-11-19T18:13:15","guid":{"rendered":"https:\/\/www.ambiente.gob.ec\/?p=39792"},"modified":"2021-11-19T13:13:15","modified_gmt":"2021-11-19T18:13:15","slug":"ministerio-recibio-radar-para-combatir-pesca-ilegal-en-area-marino-costera","status":"publish","type":"post","link":"https:\/\/www.ambienteyenergia.gob.ec\/ambiente\/ministerio-recibio-radar-para-combatir-pesca-ilegal-en-area-marino-costera\/","title":{"rendered":"Ministerio recibi\u00f3 radar para combatir pesca ilegal en \u00e1rea marino costera"},"content":{"rendered":"<p style=\"text-align: right;\"><strong>Bolet\u00edn N\u00b0 446<\/strong><\/p>\n<p style=\"text-align: right;\"><strong>19 de noviembre 2021<\/strong><\/p>\n<p>Este 16 de noviembre de 2021, el Ministerio del Ambiente, Agua y Transici\u00f3n Ecol\u00f3gica recibi\u00f3 de manera oficial el Sistema de Monitoreo Marino M\u00f3vil M3, que consiste en un radar, una c\u00e1mara de alto alcance y un receptor de AIS (sistema de identificaci\u00f3n autom\u00e1tica) para lograr mayor detecci\u00f3n y vigilancia de pesca no permitida en la Reserva de Producci\u00f3n de Fauna Marino Costero Puntilla Santa Elena (REMACOPSE).<\/p>\n<p>El sistema de monitoreo fue entregado a inicios del 2021 por la organizaci\u00f3n Wildaid a esta cartera de Estado, en el marco del Proyecto Red de \u00c1reas Marinas Costeras Protegidas. Por lo que el personal de REMACOPSE se capacit\u00f3 en el mantenimiento preventivo y recolecci\u00f3n de informaci\u00f3n, ambos, necesarios para la planificaci\u00f3n y ejecuci\u00f3n de patrullajes en el \u00e1rea protegida.<\/p>\n<p>Adicionalmente, Meaghan Brosnan, directora del Programa Marino de WildAid don\u00f3 a la Direcci\u00f3n de Biodiversidad 5000 tags y 50 aplicadores a fin de desarrollar acciones de\u00a0 protecci\u00f3n para la conservaci\u00f3n de las tortugas marinas en las \u00e1reas marinas costeras protegidas.<\/p>\n<p>Con estas acciones el Ministerio del Ambiente, Agua y Transici\u00f3n Ecol\u00f3gica reafirma su compromiso por fortalecer las capacidades t\u00e9cnicas de los y las\u00a0 guardaparques, y afianza los lazos de cooperaci\u00f3n para controlar y vigilar las actividades realizadas en las \u00e1reas protegidas marinas y costeras del Ecuador.<\/p>\n<p>A esta importante entrega asisti\u00f3 el director de \u00c1reas Protegidas y otras formas de conservaci\u00f3n, Roberto Pachacama, la directora Zonal 5, Isabel Tamariz, y el capit\u00e1n del Puerto de Salinas, Iv\u00e1n C\u00f3rdova Echeverr\u00eda.<\/p>\n<p><strong>Dato:<\/strong> La Reserva de Producci\u00f3n de Fauna Marino Costero Puntilla Santa Elena con 52 231 hect\u00e1reas marinas y\u00a0 203 hect\u00e1reas terrestres, protege uno de los lugares m\u00e1s conocidos y frecuentados de la costa central del Ecuador, el sitio denominado La Chocolatera y su \u00e1rea marina adyacente La Puntilla. Adem\u00e1s del \u00e1rea marina, la reserva incluye playas, acantilados y una peque\u00f1a extensi\u00f3n de matorrales y bosques secos del litoral.<\/p>\n<p><strong>Direcci\u00f3n de Comunicaci\u00f3n<\/strong><\/p>\n<p><strong>Ministerio del Ambiente, Agua y Transici\u00f3n Ecol\u00f3gica<\/strong><\/p>\n<p>&nbsp;<\/p>\n","protected":false},"excerpt":{"rendered":"<p class=\"excerpt\">Bolet\u00edn N\u00b0 446 19 de noviembre 2021 Este 16 de noviembre de 2021, el Ministerio del Ambiente, Agua y Transici\u00f3n Ecol\u00f3gica recibi\u00f3 de manera oficial el Sistema de Monitoreo Marino M\u00f3vil M3, que consiste en un radar, una c\u00e1mara de alto alcance y un receptor de AIS (sistema de identificaci\u00f3n autom\u00e1tica) para lograr mayor detecci\u00f3n y vigilancia de pesca no&hellip; <a href=\"https:\/\/www.ambienteyenergia.gob.ec\/ambiente\/ministerio-recibio-radar-para-combatir-pesca-ilegal-en-area-marino-costera\/\">Read more &rarr;<\/a><\/p>\n","protected":false},"author":14,"featured_media":39793,"comment_status":"closed","ping_status":"closed","sticky":false,"template":"","format":"standard","meta":{"footnotes":""},"categories":[4,10],"tags":[],"class_list":["post-39792","post","type-post","status-publish","format-standard","has-post-thumbnail","hentry","category-noticias","category-noticias-destacadas","xfolkentry"],"_links":{"self":[{"href":"https:\/\/www.ambienteyenergia.gob.ec\/ambiente\/wp-json\/wp\/v2\/posts\/39792","targetHints":{"allow":["GET"]}}],"collection":[{"href":"https:\/\/www.ambienteyenergia.gob.ec\/ambiente\/wp-json\/wp\/v2\/posts"}],"about":[{"href":"https:\/\/www.ambienteyenergia.gob.ec\/ambiente\/wp-json\/wp\/v2\/types\/post"}],"author":[{"embeddable":true,"href":"https:\/\/www.ambienteyenergia.gob.ec\/ambiente\/wp-json\/wp\/v2\/users\/14"}],"replies":[{"embeddable":true,"href":"https:\/\/www.ambienteyenergia.gob.ec\/ambiente\/wp-json\/wp\/v2\/comments?post=39792"}],"version-history":[{"count":1,"href":"https:\/\/www.ambienteyenergia.gob.ec\/ambiente\/wp-json\/wp\/v2\/posts\/39792\/revisions"}],"predecessor-version":[{"id":39794,"href":"https:\/\/www.ambienteyenergia.gob.ec\/ambiente\/wp-json\/wp\/v2\/posts\/39792\/revisions\/39794"}],"wp:featuredmedia":[{"embeddable":true,"href":"https:\/\/www.ambienteyenergia.gob.ec\/ambiente\/wp-json\/wp\/v2\/media\/39793"}],"wp:attachment":[{"href":"https:\/\/www.ambienteyenergia.gob.ec\/ambiente\/wp-json\/wp\/v2\/media?parent=39792"}],"wp:term":[{"taxonomy":"category","embeddable":true,"href":"https:\/\/www.ambienteyenergia.gob.ec\/ambiente\/wp-json\/wp\/v2\/categories?post=39792"},{"taxonomy":"post_tag","embeddable":true,"href":"https:\/\/www.ambienteyenergia.gob.ec\/ambiente\/wp-json\/wp\/v2\/tags?post=39792"}],"curies":[{"name":"wp","href":"https:\/\/api.w.org\/{rel}","templated":true}]}}