{"id":37681,"date":"2021-03-11T15:15:38","date_gmt":"2021-03-11T20:15:38","guid":{"rendered":"https:\/\/www.ambiente.gob.ec\/?p=37681"},"modified":"2023-04-03T16:19:57","modified_gmt":"2023-04-03T21:19:57","slug":"programa-conservacion-y-uso-sostenible-de-ecosistemas-de-montana","status":"publish","type":"post","link":"https:\/\/www.ambienteyenergia.gob.ec\/ambiente\/programa-conservacion-y-uso-sostenible-de-ecosistemas-de-montana\/","title":{"rendered":"Programa Conservaci\u00f3n y Uso Sostenible de Ecosistemas de Monta\u00f1a"},"content":{"rendered":"<p><img decoding=\"async\" class=\"aligncenter size-full wp-image-4869\" src=\"https:\/\/www.ambienteyenergia.gob.ec\/ambiente\/wp-content\/uploads\/downloads\/2021\/06\/PROGRAMA-MONTANA.png\" alt=\"head\" width=\"100%\" \/><\/p>\n<p>Desde octubre del 2020 se implementa el programa de Cooperaci\u00f3n T\u00e9cnica \u201cConservaci\u00f3n y uso sostenible de ecosistemas de monta\u00f1a \u2013 Programa Monta\u00f1as\u201d. El programa es parte de la cartera bilateral de proyectos del Gobierno Ecuatoriano con el Gobierno Alem\u00e1n, el mismo, se encuentra financiado por el Ministerio Federal para la Cooperaci\u00f3n y el Desarrollo Econ\u00f3mico de Alemania &#8211; BMZ.<\/p>\n<p>Su objetivo es mejorar la restauraci\u00f3n de los ecosistemas de alta monta\u00f1a andinos impactados por el cambio clim\u00e1tico, que tienen una importancia destacada para la conservaci\u00f3n de la biodiversidad, la regulaci\u00f3n del equilibrio h\u00eddrico y la seguridad alimentaria en Ecuador.<\/p>\n<p>El programa trabajar\u00e1 en 5 provincias de intervenci\u00f3n donde atender\u00e1 diversos ecosistemas de monta\u00f1a; 1) Cotopaxi, 2) Tungurahua, 3) Bol\u00edvar, 4) Chimborazo, 5) Ca\u00f1ar. En Tungurahua y Chimborazo el enfoque de trabajo se basar\u00e1 en capitalizar y escalar las acciones ejecutadas por antiguos proyectos de la Cooperaci\u00f3n T\u00e9cnica Alemana, se implementar\u00e1n las buenas pr\u00e1cticas y lecciones aprendidas en las otras provincias de intervenci\u00f3n.<\/p>\n<p>El grupo meta es la poblaci\u00f3n rural andina de alta monta\u00f1a de Ecuador, especialmente los y las peque\u00f1as y peque\u00f1os agricultores de poblaci\u00f3n ind\u00edgena y mestizos que aplican pr\u00e1cticas de gesti\u00f3n territorial. El programa tiene el mandato de brindar asistencia t\u00e9cnica con especial \u00e9nfasis en la mujer rural.<\/p>\n<p>El programa tiene un amplio enfoque hacia la recuperaci\u00f3n verde, utilizar\u00e1 de manera sostenible los ecosistemas para mejorar y fortalecer los medios de vida de los grupos meta; adicionalmente, restaurar\u00e1 \u00e1reas degradas con alto valor ecosist\u00e9mico. El fortalecimiento de los espacios de gobernanza e intercambio t\u00e9cnico ser\u00e1n parte de su proceso de articulaci\u00f3n a diferentes niveles.<\/p>\n<p><strong>M\u00e1s informaci\u00f3n:<\/strong><\/p>\n<p>Kirit\u00e9 Rugani | <span id=\"OBJ_PREFIX_DWT1547_ZmEmailObjectHandler\" class=\"Object\" role=\"link\"><span id=\"OBJ_PREFIX_DWT1558_ZmEmailObjectHandler\" class=\"Object\" role=\"link\"><a href=\"mailto:Kirite.rugani@giz.de\" target=\"_blank\" rel=\"nofollow noopener noreferrer\">Kirite.rugani@giz.de<\/a><\/span><\/span><\/p>\n<p style=\"font-weight: 400;\"><strong>Enlaces para mayor informaci\u00f3n<\/strong><\/p>\n<p style=\"font-weight: 400;\"><strong>GIZ Ecuador<\/strong><strong>\u00a0<a href=\"https:\/\/www.giz.de\/de\/weltweit\/399.html\">https:\/\/www.giz.de\/de\/weltweit\/399.html<\/a><\/strong><\/p>\n<p style=\"font-weight: 400;\"><strong>Biblioteca virtual Bivica<\/strong><strong>\u00a0<a href=\"https:\/\/www.bivica.org\/\">https:\/\/www.bivica.org\/<\/a><\/strong><\/p>\n<p style=\"font-weight: 400;\"><strong>Documentos del programa<\/strong><\/p>\n<p style=\"font-weight: 400;\"><strong>\u00a0<\/strong><strong>Factsheets<\/strong><\/p>\n<p style=\"font-weight: 400;\"><a href=\"https:\/\/www.bivica.org\/file\/view\/id\/5796\" target=\"_blank\" rel=\"noopener noreferrer\">Programa Monta\u00f1as<\/a><\/p>\n<p style=\"font-weight: 400;\"><a href=\"https:\/\/www.bivica.org\/file\/view\/id\/5871\" target=\"_blank\" rel=\"noopener\">Zona de intervenci\u00f3n Ca\u00f1ar<\/a><br \/>\n<a href=\"https:\/\/www.bivica.org\/file\/view\/id\/5872\" target=\"_blank\" rel=\"noopener\">Zona de intervenci\u00f3n Sierra centro<\/a><\/p>\n<p><a href=\"https:\/\/www.bivica.org\/file\/view\/id\/6062\" target=\"_blank\" rel=\"noopener\">Factsheet Cooperaci\u00f3n de desarrollo con el Sector Privado &#8211; Curtidur\u00eda Tungurahua<\/a><\/p>\n<p><a href=\"https:\/\/www.bivica.org\/files\/5755_06.07.2022_Factsheet_ILE.pdf\" target=\"_blank\" rel=\"noopener\">Factsheet Cooperaci\u00f3n de desarrollo con el Sector Privado &#8211; Industria Lojana de Especer\u00edas &#8211; ILE<\/a><\/p>\n<p><a href=\"https:\/\/www.bivica.org\/file\/view\/id\/6133\" target=\"_blank\" rel=\"noopener\">Factsheet Resturaci\u00f3n de paisajes de monta\u00f1a<\/a><\/p>\n<p><a href=\"https:\/\/www.bivica.org\/files\/6127_2022_04_14_Factsheet_Nutri.pdf\" target=\"_blank\" rel=\"noopener\">Cooperaci\u00f3n de Desarrollo Integrada con el Sector Privado iEPW L\u00e1cteos San Antonio C.A.<\/a><\/p>\n<p><a href=\"https:\/\/www.bivica.org\/files\/6129_2022_04_13_Factsheet_Salinerito.pdf\" target=\"_blank\" rel=\"noopener\">Cooperaci\u00f3n de Desarrollo Integrada con el Sector Privado iEPW Cooperativa de Producci\u00f3n Agropecuaria Salinerito PRODUCOOP<\/a><\/p>\n<p><a href=\"https:\/\/www.bivica.org\/file\/view\/id\/6252\" target=\"_blank\" rel=\"noopener\">Movilidad humana, inclusi\u00f3n y empleo joven<\/a><\/p>\n<p><a href=\"https:\/\/www.bivica.org\/file\/view\/id\/6375\" target=\"_blank\" rel=\"noopener\">Cooperaci\u00f3n de Desarrollo Integrada con el Sector Privado iEPW Sociedad Industrial Ganadera El Orde\u00f1o S.A.<\/a><\/p>\n<p><b>Fichas t\u00e9cnicas<\/b><\/p>\n<p><a href=\"https:\/\/www.bivica.org\/file\/view\/id\/6031\" target=\"_blank\" rel=\"noopener\">Ficha t\u00e9cnica Cadena de Valor de la Alpaca<\/a><\/p>\n<p><a href=\"https:\/\/www.bivica.org\/file\/view\/id\/6032\" target=\"_blank\" rel=\"noopener\">Ficha t\u00e9cnica Cadena de Valor de la Leche<\/a><\/p>\n<p><a href=\"https:\/\/www.bivica.org\/file\/view\/id\/6033\" target=\"_blank\" rel=\"noopener\">Ficha t\u00e9cnica Cadena de Valor de la Miel de Abeja<\/a><\/p>\n<p><a href=\"https:\/\/www.bivica.org\/files\/6118_CdV%20Quinua%20final.pdf\" target=\"_blank\" rel=\"noopener\">Ficha t\u00e9cnica Cadena de Valor de la Quinua<\/a><\/p>\n<p><a href=\"https:\/\/www.bivica.org\/files\/6119_CdV%20Turismo%20final.pdf\" target=\"_blank\" rel=\"noopener\">Ficha t\u00e9cnica Cadena de Valor del Turismo rural sostenible<\/a><\/p>\n<p><strong>Newsletter Programa<\/strong><\/p>\n<p><a href=\"https:\/\/www.bivica.org\/file\/view\/id\/6195\" target=\"_blank\" rel=\"noopener\">Newsletter 1 | <span id=\"OBJ_PREFIX_DWT10719_com_zimbra_date\" class=\"Object\" role=\"link\"><span id=\"OBJ_PREFIX_DWT10744_com_zimbra_date\" class=\"Object\" role=\"link\">octubre 2021<\/span><\/span><\/a><\/p>\n<p><a href=\"https:\/\/www.bivica.org\/file\/view\/id\/6196\" target=\"_blank\" rel=\"noopener\">Newsletter 2 | <span id=\"OBJ_PREFIX_DWT10721_com_zimbra_date\" class=\"Object\" role=\"link\"><span id=\"OBJ_PREFIX_DWT10746_com_zimbra_date\" class=\"Object\" role=\"link\">enero 2022<\/span><\/span><\/a><\/p>\n<p><a href=\"https:\/\/www.bivica.org\/file\/view\/id\/6197\" target=\"_blank\" rel=\"noopener\">Newsletter 3 | <span id=\"OBJ_PREFIX_DWT10723_com_zimbra_date\" class=\"Object\" role=\"link\"><span id=\"OBJ_PREFIX_DWT10748_com_zimbra_date\" class=\"Object\" role=\"link\">mayo 2022<\/span><\/span><\/a><\/p>\n<p><a href=\"https:\/\/www.bivica.org\/file\/view\/id\/6345\" target=\"_blank\" rel=\"noopener\">Newsletter 4 | septiembre 2022<\/a><\/p>\n<p><strong>Newsletter Cl\u00faster de Medio Ambiente y Recursos Naturales<\/strong><\/p>\n<p><a href=\"https:\/\/bivica.org\/file\/view\/id\/6462\" target=\"_blank\" rel=\"noopener\">Newsletter 1 | marzo 2023<\/a><\/p>\n<p><b>Videos<\/b><\/p>\n<p><a href=\"https:\/\/www.youtube.com\/watch?v=d4guj84c1F8\" target=\"_blank\" rel=\"noopener\">Video introducci\u00f3n a la cadena de valor del turismo<\/a><\/p>\n<p><a href=\"https:\/\/www.youtube.com\/watch?v=REaO5yNidBQ\" target=\"_blank\" rel=\"noopener\">Video introducci\u00f3n a las cadenas de impacto para el an\u00e1lisis de riesgo clim\u00e1tico<\/a><\/p>\n<p><a href=\"https:\/\/www.youtube.com\/watch?v=I-ENOPbMHPg\" target=\"_blank\" rel=\"noopener\">Video Comunidad de Pr\u00e1ctica Minga de la Monta\u00f1a<\/a><\/p>\n<p><strong>Cat\u00e1logo<\/strong><\/p>\n<p><a href=\"https:\/\/www.bivica.org\/file\/view\/id\/6253\" target=\"_blank\" rel=\"noopener\">Cat\u00e1logo de productos de comunicaci\u00f3n del Programa Monta\u00f1as<\/a><\/p>\n","protected":false},"excerpt":{"rendered":"<p class=\"excerpt\">Desde octubre del 2020 se implementa el programa de Cooperaci\u00f3n T\u00e9cnica \u201cConservaci\u00f3n y uso sostenible de ecosistemas de monta\u00f1a \u2013 Programa Monta\u00f1as\u201d. El programa es parte de la cartera bilateral de proyectos del Gobierno Ecuatoriano con el Gobierno Alem\u00e1n, el mismo, se encuentra financiado por el Ministerio Federal para la Cooperaci\u00f3n y el Desarrollo Econ\u00f3mico de Alemania &#8211; BMZ. Su&hellip; <a href=\"https:\/\/www.ambienteyenergia.gob.ec\/ambiente\/programa-conservacion-y-uso-sostenible-de-ecosistemas-de-montana\/\">Read more &rarr;<\/a><\/p>\n","protected":false},"author":8,"featured_media":0,"comment_status":"closed","ping_status":"closed","sticky":false,"template":"","format":"standard","meta":{"footnotes":""},"categories":[5],"tags":[],"class_list":["post-37681","post","type-post","status-publish","format-standard","hentry","category-programas-y-servicios","xfolkentry"],"_links":{"self":[{"href":"https:\/\/www.ambienteyenergia.gob.ec\/ambiente\/wp-json\/wp\/v2\/posts\/37681","targetHints":{"allow":["GET"]}}],"collection":[{"href":"https:\/\/www.ambienteyenergia.gob.ec\/ambiente\/wp-json\/wp\/v2\/posts"}],"about":[{"href":"https:\/\/www.ambienteyenergia.gob.ec\/ambiente\/wp-json\/wp\/v2\/types\/post"}],"author":[{"embeddable":true,"href":"https:\/\/www.ambienteyenergia.gob.ec\/ambiente\/wp-json\/wp\/v2\/users\/8"}],"replies":[{"embeddable":true,"href":"https:\/\/www.ambienteyenergia.gob.ec\/ambiente\/wp-json\/wp\/v2\/comments?post=37681"}],"version-history":[{"count":19,"href":"https:\/\/www.ambienteyenergia.gob.ec\/ambiente\/wp-json\/wp\/v2\/posts\/37681\/revisions"}],"predecessor-version":[{"id":42782,"href":"https:\/\/www.ambienteyenergia.gob.ec\/ambiente\/wp-json\/wp\/v2\/posts\/37681\/revisions\/42782"}],"wp:attachment":[{"href":"https:\/\/www.ambienteyenergia.gob.ec\/ambiente\/wp-json\/wp\/v2\/media?parent=37681"}],"wp:term":[{"taxonomy":"category","embeddable":true,"href":"https:\/\/www.ambienteyenergia.gob.ec\/ambiente\/wp-json\/wp\/v2\/categories?post=37681"},{"taxonomy":"post_tag","embeddable":true,"href":"https:\/\/www.ambienteyenergia.gob.ec\/ambiente\/wp-json\/wp\/v2\/tags?post=37681"}],"curies":[{"name":"wp","href":"https:\/\/api.w.org\/{rel}","templated":true}]}}