{"id":34051,"date":"2019-03-18T15:21:35","date_gmt":"2019-03-18T20:21:35","guid":{"rendered":"http:\/\/www.ambiente.gob.ec\/?p=34051"},"modified":"2023-08-08T11:45:49","modified_gmt":"2023-08-08T16:45:49","slug":"programa-conservacion-y-uso-sostenible-del-patrimonio-natural","status":"publish","type":"post","link":"https:\/\/www.ambienteyenergia.gob.ec\/ambiente\/programa-conservacion-y-uso-sostenible-del-patrimonio-natural\/","title":{"rendered":"Programa Conservaci\u00f3n y Uso Sostenible del Patrimonio Natural"},"content":{"rendered":"<p><img decoding=\"async\" class=\"aligncenter size-full wp-image-4869\" src=\"https:\/\/www.ambienteyenergia.gob.ec\/ambiente\/wp-content\/uploads\/downloads\/2020\/04\/PROGRAMA-PATRIMONIO-NATURAL.jpg\" alt=\"head\" width=\"100%\" \/><\/p>\n<p>Incrementar el porcentaje de las actividades econ\u00f3micas que utilizan recursos de origen biol\u00f3gico como insumo para la provisi\u00f3n de bienes y servicios a 2021, es una de las metas dentro del Plan Nacional de Bioeconom\u00eda del Ecuador.<\/p>\n<p>Este objetivo posiciona a la <strong>bioeconom\u00eda<\/strong> como una oportunidad para el desarrollo sostenible, a trav\u00e9s del aprovechamiento de los recursos naturales para la generaci\u00f3n de productos con valor agregado a partir de la biodiversidad y el biocomercio que aporten a la diversificaci\u00f3n de la matriz productiva y al combate de la pobreza.<\/p>\n<p>El programa <strong>Conservaci\u00f3n y Uso Sostenible del Patrimonio Natural<\/strong> del Ministerio del Ambiente, financiado por el Ministerio Federal de Cooperaci\u00f3n Econ\u00f3mica y Desarrollo (BMZ) e implementado en conjunto con la Cooperaci\u00f3n T\u00e9cnica Alemana \u2013 GIZ, contribuye al fortalecimiento del Sistema Nacional de \u00c1reas Protegidas y a la implementaci\u00f3n de la Pol\u00edtica Nacional de Bioeconom\u00eda en el marco de la Estrategia Nacional de Biodiversidad y su Plan de Acci\u00f3n.<\/p>\n<p>El objetivo es mejorar las condiciones para la conservaci\u00f3n y el uso sostenible de la biodiversidad y del patrimonio natural en Ecuador. Con el fin de asegurar la sostenibilidad de los procesos implementados durante su intervenci\u00f3n, el programa fortalece los v\u00ednculos entre organizaciones que tienen un fin com\u00fan.<\/p>\n<p>Los beneficiarios son j\u00f3venes, mujeres y hombres, asociaciones campesinas y agr\u00edcolas que viven dentro de las \u00e1reas protegidas y en las zonas de amortiguamiento circundantes a la zona de intervenci\u00f3n. Adem\u00e1s, del personal t\u00e9cnico de instituciones que comparten el mismo inter\u00e9s u objetivo.<\/p>\n<p>Las zonas de intervenci\u00f3n del programa son en la <strong>Amazon\u00eda <\/strong>en la Provincia de Pastaza, el Parque Nacional Llanganates y en la Provincia de Morona Santiago, el Parque Nacional Sangay. En la <strong>Costa <\/strong>en la Provincia de Manab\u00ed, el Parque Nacional Machalilla y Reserva Marina Cantagallo \u2013 Machalilla, en la Provincia de Santa Elena, las Reservas Marinas El Pelado y Bajo Cop\u00e9, y en la Provincia de El Oro, la Reserva Ecol\u00f3gica Arenillas.<\/p>\n<p>El tiempo de ejecuci\u00f3n del programa es de noviembre 2018 a octubre de 2021.<\/p>\n<p>La estrategia de implementaci\u00f3n contempla tres aspectos, los mecanismos de gobernabilidad para la gesti\u00f3n de las \u00e1reas protegidas y de los bioemprendimientos, los sistemas de cooperaci\u00f3n en el nivel micro, meso y macro y la gesti\u00f3n del conocimiento, desarrollo de competencias estrat\u00e9gicas y utilizaci\u00f3n de instrumentos de ordenamiento territorial.<\/p>\n<p>Trabajamos bajo las siguientes \u00e1reas\u00a0:<\/p>\n<p>&nbsp;<\/p>\n<ul>\n<li>Fortalecimiento del modelo de gesti\u00f3n del <strong>Sistema de \u00c1reas Protegidas<\/strong> y de las \u00e1reas de conservaci\u00f3n en las regiones de intervenci\u00f3n del programa. Se apoya la implementaci\u00f3n de herramientas como el Manejo de la Biodiversidad, el Programa de Comunicaci\u00f3n, Educaci\u00f3n y Participaci\u00f3n Ambiental &#8211; CEPA y Gesti\u00f3n de Pesca Artesanal.<\/li>\n<li>Asesoramiento a la consolidaci\u00f3n y r\u00e9plica de <strong>bioemprendimientos <\/strong>basados en el uso sostenible de la biodiversidad. En este sentido, se apoyar\u00e1 a la implementaci\u00f3n de tres <strong>cadenas de valor<\/strong> en la Amazon\u00eda en las provincias de Pastaza y Morona Santiago: Turismo sostenible, aceites esenciales, guayusa y vainilla. Y, tres cadenas de valor en la Costa en las provincias de Manab\u00ed, Santa Elena y El Oro: Turismo sostenible y recreaci\u00f3n, palo santo, maricultura y pesca artesanal.<\/li>\n<li>Fomento del uso <strong>de herramientas de planificaci\u00f3n y ordenamiento territorial \/ espacial marino costero<\/strong> en las zonas de trabajo priorizadas.<\/li>\n<li>Fortalecimiento del Ministerio del Ambiente \u2013 MAE para ejercer su rol articulador en los \u00e1mbitos de las \u00e1reas protegidas y de los bioemprendimientos y la bioeconom\u00eda. Se apoya al MAE en su trabajo sobre los servicios ecosist\u00e9micos y la gesti\u00f3n participativa de las \u00e1reas protegidas.<\/li>\n<\/ul>\n<p><strong>Links para mayor informaci\u00f3n\u00a0:<\/strong><\/p>\n<p><a href=\"https:\/\/www.giz.de\/de\/weltweit\/73634.html\" target=\"_blank\" rel=\"noopener noreferrer\">Programa Conservaci\u00f3n y Uso Sostenible del Patrimonio Natural<\/a><\/p>\n<p><a href=\"https:\/\/www.giz.de\/de\/weltweit\/399.html\" target=\"_blank\" rel=\"noopener noreferrer\">GIZ Ecuador<\/a><\/p>\n<p><a href=\"https:\/\/www.bivica.org\/\" target=\"_blank\" rel=\"noopener noreferrer\">Biblioteca Virtual Bivica<\/a><\/p>\n<p><a href=\"https:\/\/www.bivica.org\/file\/view\/id\/6399\" target=\"_blank\" rel=\"noopener\">Valorizaci\u00f3n Sostenible de Biodiversidad<\/a><\/p>\n<p><b>Documentos del programa<\/b><\/p>\n<p><strong>Factsheets<\/strong><\/p>\n<p style=\"font-weight: 400;\"><a href=\"https:\/\/www.bivica.org\/file\/view\/id\/5574\" target=\"_blank\" rel=\"noopener noreferrer\">Programa Conservaci\u00f3n y Uso Sostenible del Patrimonio Natural<\/a><\/p>\n<p style=\"font-weight: 400;\"><a href=\"https:\/\/www.bivica.org\/file\/view\/id\/5573\" target=\"_blank\" rel=\"noopener noreferrer\">Zona de intervenci\u00f3n Costa<\/a><\/p>\n<p style=\"font-weight: 400;\"><a href=\"https:\/\/www.bivica.org\/file\/view\/id\/5575\" target=\"_blank\" rel=\"noopener noreferrer\">Zona de intervenci\u00f3n Amazon\u00eda<\/a><\/p>\n<p style=\"font-weight: 400;\"><a href=\"https:\/\/www.bivica.org\/file\/view\/id\/5664\" target=\"_blank\" rel=\"noopener noreferrer\">Cadena de Valor Palo Santo<\/a><\/p>\n<p style=\"font-weight: 400;\"><a href=\"https:\/\/www.bivica.org\/file\/view\/id\/5671\" target=\"_blank\" rel=\"noopener noreferrer\">Cadena de Valor Turismo Sostenible Costa<\/a><\/p>\n<p style=\"font-weight: 400;\"><a href=\"https:\/\/www.bivica.org\/file\/view\/id\/5663\" target=\"_blank\" rel=\"noopener noreferrer\">Cadena de Valor Maricultura y Pesca Artesanal<\/a><\/p>\n<p style=\"font-weight: 400;\"><a href=\"https:\/\/www.bivica.org\/file\/view\/id\/5669\" target=\"_blank\" rel=\"noopener noreferrer\">Cadena de Valor Guayusa<\/a><\/p>\n<p style=\"font-weight: 400;\"><a href=\"https:\/\/www.bivica.org\/file\/view\/id\/5665\" target=\"_blank\" rel=\"noopener noreferrer\">Cadena de Valor Vainilla<\/a><\/p>\n<p style=\"font-weight: 400;\"><a href=\"https:\/\/www.bivica.org\/file\/view\/id\/5670\" target=\"_blank\" rel=\"noopener noreferrer\">Cadena de Valor Turismo Sostenible Amazon\u00eda<\/a><span id=\"DWT289\" class=\"ZmSearchResult\"><\/span><\/p>\n<p><b>Historia de los beneficiarios<\/b><\/p>\n<p style=\"font-weight: 400;\"><a href=\"https:\/\/www.bivica.org\/file\/view\/id\/5662\" target=\"_blank\" rel=\"noopener noreferrer\">La Vainilla. Nueva inquilina de la chakra amaz\u00f3nica<\/a><\/p>\n","protected":false},"excerpt":{"rendered":"<p class=\"excerpt\">Incrementar el porcentaje de las actividades econ\u00f3micas que utilizan recursos de origen biol\u00f3gico como insumo para la provisi\u00f3n de bienes y servicios a 2021, es una de las metas dentro del Plan Nacional de Bioeconom\u00eda del Ecuador. Este objetivo posiciona a la bioeconom\u00eda como una oportunidad para el desarrollo sostenible, a trav\u00e9s del aprovechamiento de los recursos naturales para la&hellip; <a href=\"https:\/\/www.ambienteyenergia.gob.ec\/ambiente\/programa-conservacion-y-uso-sostenible-del-patrimonio-natural\/\">Read more &rarr;<\/a><\/p>\n","protected":false},"author":8,"featured_media":0,"comment_status":"closed","ping_status":"closed","sticky":false,"template":"","format":"standard","meta":{"footnotes":""},"categories":[5],"tags":[],"class_list":["post-34051","post","type-post","status-publish","format-standard","hentry","category-programas-y-servicios","xfolkentry"],"_links":{"self":[{"href":"https:\/\/www.ambienteyenergia.gob.ec\/ambiente\/wp-json\/wp\/v2\/posts\/34051","targetHints":{"allow":["GET"]}}],"collection":[{"href":"https:\/\/www.ambienteyenergia.gob.ec\/ambiente\/wp-json\/wp\/v2\/posts"}],"about":[{"href":"https:\/\/www.ambienteyenergia.gob.ec\/ambiente\/wp-json\/wp\/v2\/types\/post"}],"author":[{"embeddable":true,"href":"https:\/\/www.ambienteyenergia.gob.ec\/ambiente\/wp-json\/wp\/v2\/users\/8"}],"replies":[{"embeddable":true,"href":"https:\/\/www.ambienteyenergia.gob.ec\/ambiente\/wp-json\/wp\/v2\/comments?post=34051"}],"version-history":[{"count":10,"href":"https:\/\/www.ambienteyenergia.gob.ec\/ambiente\/wp-json\/wp\/v2\/posts\/34051\/revisions"}],"predecessor-version":[{"id":44814,"href":"https:\/\/www.ambienteyenergia.gob.ec\/ambiente\/wp-json\/wp\/v2\/posts\/34051\/revisions\/44814"}],"wp:attachment":[{"href":"https:\/\/www.ambienteyenergia.gob.ec\/ambiente\/wp-json\/wp\/v2\/media?parent=34051"}],"wp:term":[{"taxonomy":"category","embeddable":true,"href":"https:\/\/www.ambienteyenergia.gob.ec\/ambiente\/wp-json\/wp\/v2\/categories?post=34051"},{"taxonomy":"post_tag","embeddable":true,"href":"https:\/\/www.ambienteyenergia.gob.ec\/ambiente\/wp-json\/wp\/v2\/tags?post=34051"}],"curies":[{"name":"wp","href":"https:\/\/api.w.org\/{rel}","templated":true}]}}