{"id":27492,"date":"2016-04-05T15:47:23","date_gmt":"2016-04-05T20:47:23","guid":{"rendered":"http:\/\/www.ambiente.gob.ec\/?p=27492"},"modified":"2016-04-05T15:47:23","modified_gmt":"2016-04-05T20:47:23","slug":"personal-de-la-reserva-ecologica-cofan-bermejo-realizo-operativo-de-vida-silvestre","status":"publish","type":"post","link":"https:\/\/www.ambienteyenergia.gob.ec\/ambiente\/personal-de-la-reserva-ecologica-cofan-bermejo-realizo-operativo-de-vida-silvestre\/","title":{"rendered":"Personal de la Reserva Ecol\u00f3gica Cof\u00e1n Bermejo realiz\u00f3 operativo de vida silvestre"},"content":{"rendered":"<p style=\"text-align: right;\">Sucumb\u00edos, 05 de abril de 2016<\/p>\n<p>Con el prop\u00f3sito de controlar y supervisar las actividades ilegales que puedan atentar a la conservaci\u00f3n y protecci\u00f3n de los recursos naturales de nuestro pa\u00eds, el personal de la Reserva Ecol\u00f3gica Cof\u00e1n Bermejo, ubicada en Sucumb\u00edos, el domingo 03 de abril realizaron un operativo de vida silvestre.<\/p>\n<p>El personal del \u00e1rea protegida en compa\u00f1\u00eda de la Polic\u00eda Nacional, se dirigieron hacia el Puente de Loroyacu, cant\u00f3n Cascales, para realizar una revisi\u00f3n exhaustiva en los veh\u00edculos que circulaban por las v\u00edas, tanto en los transportes p\u00fablicos como privados.<\/p>\n<p>Adem\u00e1s, se dio a conocer el trabajo que realiza el Ministerio del Ambiente para evitar la comercializaci\u00f3n y tenencia de espec\u00edmenes de vida silvestre; y los conductores fueron informados sobre los reglamentos y sanciones para quienes transporten animales, madera y productos forestales sin sujetarse a las normas de movilizaci\u00f3n que establece el C\u00f3digo Integral Penal.<\/p>\n<p>Hasta la fecha se han efectuado seis operativos y hasta el momento no ha existido ning\u00fan decomiso.<\/p>\n<p><strong>Dato<\/strong><\/p>\n<p>Se define como actividad ilegal el tr\u00e1fico de vida silvestre con fines personales y comerciales tanto de animales vivos y muertos, adem\u00e1s de especies forestales.<\/p>\n<p>El C\u00f3digo Integral Penal, en el art\u00edculo 247, establece: \u201cPena con prisi\u00f3n de 1 a 3 a\u00f1os la caza, pesca, captura, recolecci\u00f3n, extracci\u00f3n, tr\u00e1fico, tenencia, transporte, permuta o comercio de especies o sus partes, elementos constitutivos, productos y derivados, de flora y fauna silvestre terrestre, marina o acu\u00e1tica, de especies amenazadas, en peligro de extinci\u00f3n y migratorias\u201d.<\/p>\n<p>Direcci\u00f3n de Comunicaci\u00f3n<\/p>\n<p>Ministerio del Ambiente<\/p>\n","protected":false},"excerpt":{"rendered":"<p class=\"excerpt\">Sucumb\u00edos, 05 de abril de 2016 Con el prop\u00f3sito de controlar y supervisar las actividades ilegales que puedan atentar a la conservaci\u00f3n y protecci\u00f3n de los recursos naturales de nuestro pa\u00eds, el personal de la Reserva Ecol\u00f3gica Cof\u00e1n Bermejo, ubicada en Sucumb\u00edos, el domingo 03 de abril realizaron un operativo de vida silvestre. El personal del \u00e1rea protegida en compa\u00f1\u00eda&hellip; <a href=\"https:\/\/www.ambienteyenergia.gob.ec\/ambiente\/personal-de-la-reserva-ecologica-cofan-bermejo-realizo-operativo-de-vida-silvestre\/\">Read more &rarr;<\/a><\/p>\n","protected":false},"author":13,"featured_media":26828,"comment_status":"open","ping_status":"open","sticky":false,"template":"","format":"standard","meta":{"footnotes":""},"categories":[4,10],"tags":[970,53,408],"class_list":["post-27492","post","type-post","status-publish","format-standard","has-post-thumbnail","hentry","category-noticias","category-noticias-destacadas","tag-daniel-ortega-p","tag-mae","tag-vida-silvestre","xfolkentry"],"_links":{"self":[{"href":"https:\/\/www.ambienteyenergia.gob.ec\/ambiente\/wp-json\/wp\/v2\/posts\/27492","targetHints":{"allow":["GET"]}}],"collection":[{"href":"https:\/\/www.ambienteyenergia.gob.ec\/ambiente\/wp-json\/wp\/v2\/posts"}],"about":[{"href":"https:\/\/www.ambienteyenergia.gob.ec\/ambiente\/wp-json\/wp\/v2\/types\/post"}],"author":[{"embeddable":true,"href":"https:\/\/www.ambienteyenergia.gob.ec\/ambiente\/wp-json\/wp\/v2\/users\/13"}],"replies":[{"embeddable":true,"href":"https:\/\/www.ambienteyenergia.gob.ec\/ambiente\/wp-json\/wp\/v2\/comments?post=27492"}],"version-history":[{"count":0,"href":"https:\/\/www.ambienteyenergia.gob.ec\/ambiente\/wp-json\/wp\/v2\/posts\/27492\/revisions"}],"wp:featuredmedia":[{"embeddable":true,"href":"https:\/\/www.ambienteyenergia.gob.ec\/ambiente\/wp-json\/wp\/v2\/media\/26828"}],"wp:attachment":[{"href":"https:\/\/www.ambienteyenergia.gob.ec\/ambiente\/wp-json\/wp\/v2\/media?parent=27492"}],"wp:term":[{"taxonomy":"category","embeddable":true,"href":"https:\/\/www.ambienteyenergia.gob.ec\/ambiente\/wp-json\/wp\/v2\/categories?post=27492"},{"taxonomy":"post_tag","embeddable":true,"href":"https:\/\/www.ambienteyenergia.gob.ec\/ambiente\/wp-json\/wp\/v2\/tags?post=27492"}],"curies":[{"name":"wp","href":"https:\/\/api.w.org\/{rel}","templated":true}]}}