{"id":26317,"date":"2015-09-05T19:03:45","date_gmt":"2015-09-06T00:03:45","guid":{"rendered":"http:\/\/www.ambiente.gob.ec\/?p=26317"},"modified":"2015-09-17T20:37:44","modified_gmt":"2015-09-18T01:37:44","slug":"continua-el-arduo-trabajo-para-mitigar-incendios-en-areas-protegidas-del-pais","status":"publish","type":"post","link":"https:\/\/www.ambienteyenergia.gob.ec\/ambiente\/continua-el-arduo-trabajo-para-mitigar-incendios-en-areas-protegidas-del-pais\/","title":{"rendered":"Contin\u00faa el arduo trabajo para mitigar incendios en \u00e1reas protegidas del pa\u00eds"},"content":{"rendered":"<p style=\"text-align: right;\"><strong>Quito, 13 de septiembre del 2015<\/strong><\/p>\n<ul>\n<li style=\"text-align: justify;\">Los incendios forestales que han azotado este verano nuestro pa\u00eds se han hecho sentir de manera grave en provincias como Imbabura, Carchi, Ca\u00f1ar y Chimborazo, con un total de 2905 ha.consumidas.<\/li>\n<li style=\"text-align: justify;\">Existen un total de\u00a0\u00a0 50 guardaparques que act\u00faan de manera inmediata ante cualquier amenaza o incidente de incendio.<\/li>\n<\/ul>\n<p style=\"text-align: justify;\">El Ministerio del Ambiente, durante las \u00faltimas 72 horas ha trabajado arduamente en el control de incendios en las zonas de amortiguamiento de las \u00e1reas protegidas, los mismos que han sido provocados por las fuertes temperaturas que azotan el pa\u00eds, adem\u00e1s de las que han sido provocadas por causa de la actividad humana (antropog\u00e9nicas) ya que consideran el uso del fuego como una herramienta de trabajo para la preparaci\u00f3n de tierras para cultivo, para la renovaci\u00f3n de pastizales y cambio del uso de suelo, pr\u00e1cticas llevadas de manera inadecuada y anti-t\u00e9cnica, constituy\u00e9ndose en la principal causa, seguido de las quemas a trav\u00e9s de acciones piro mani\u00e1ticas y tambi\u00e9n actos inescrupulosas de personas que visitan las \u00e1reas naturales y bosques, a lo cual se puede asociar la falta de conocimiento e informaci\u00f3n sobre el uso controlado del fuego.<\/p>\n<p style=\"text-align: justify;\">Entre las principales provincias afectadas por los incendios han sido Imbabura (720 ha), Carchi, Ca\u00f1ar y Chimborazo (685 ha), Minas de Lozan, Titaicum Ainche, Guayllabamba, Cubillin, Inguisay zona de amortiguamiento de la Reserva de Producci\u00f3n de Fauna Chimborazo y Parque Nacional Sangay donde \u00a0se registra la afectaci\u00f3n de 1500 ha. aproximadamente. El 70% de incendios forestales son causados por el hombre, el 25% son por negligencia o por quemas agr\u00edcolas y el 5% por causas naturales (botellas de vidrio, rayos), las especies que han sido afectadas son pajonales, eucalipto, pino y remanente de vegetaci\u00f3n arbustiva, mientras se constata las especies nativas que resultaron afectadas.<\/p>\n<p style=\"text-align: justify;\">Como Autoridad Ambiental contamos con un Plan de Contingencia de Incendios Forestales que tiene como objetivo implementar medidas que permitan prevenir, mitigar y controlar este fen\u00f3meno natural, sobre todo en zonas fr\u00e1giles como el Sistema Nacional de \u00c1reas Protegidas.<\/p>\n<p style=\"text-align: justify;\">La implementaci\u00f3n de este plan, surge con la necesidad de promover acciones preventivas en la lucha contra incendios forestales a trav\u00e9s de la difusi\u00f3n y concientizaci\u00f3n en los sitios de mayor incidencia, adem\u00e1s de la participaci\u00f3n inmediata y eficaz del Cuerpo de Bomberos, el COE provincial, Secretar\u00eda Nacional de Gesti\u00f3n de Riesgos, Fuerzas Armadas, Polic\u00eda Nacional, Gobiernos Aut\u00f3nomos Descentralizados, entre otras.<\/p>\n<p style=\"text-align: justify;\">El Ministerio del Ambiente MAE se mantiene vigilante ante cualquier incendio y trabaja coordinadamente con las instituciones pertinentes, en el caso que se inicien nuevos flagelos. Asimismo, realiza constantes monitoreos para que este tipo de fen\u00f3menos no se presenten.<\/p>\n<p style=\"text-align: justify;\">Previa la evaluaci\u00f3n e identificaci\u00f3n de las \u00e1reas flageladas seg\u00fan su nivel de afectaci\u00f3n, se tomar\u00e1n las medidas pertinentes para promover la recuperaci\u00f3n o remediaci\u00f3n.<\/p>\n<p style=\"text-align: justify;\"><strong>Direcci\u00f3n de Comunicaci\u00f3n<\/strong><\/p>\n<p style=\"text-align: justify;\"><strong>Ministerio del Ambiente<\/strong><\/p>\n","protected":false},"excerpt":{"rendered":"<p class=\"excerpt\">Quito, 13 de septiembre del 2015 Los incendios forestales que han azotado este verano nuestro pa\u00eds se han hecho sentir de manera grave en provincias como Imbabura, Carchi, Ca\u00f1ar y Chimborazo, con un total de 2905 ha.consumidas. Existen un total de\u00a0\u00a0 50 guardaparques que act\u00faan de manera inmediata ante cualquier amenaza o incidente de incendio. El Ministerio del Ambiente, durante&hellip; <a href=\"https:\/\/www.ambienteyenergia.gob.ec\/ambiente\/continua-el-arduo-trabajo-para-mitigar-incendios-en-areas-protegidas-del-pais\/\">Read more &rarr;<\/a><\/p>\n","protected":false},"author":13,"featured_media":26320,"comment_status":"open","ping_status":"open","sticky":false,"template":"","format":"standard","meta":{"footnotes":""},"categories":[16,4],"tags":[],"class_list":["post-26317","post","type-post","status-publish","format-standard","has-post-thumbnail","hentry","category-comunicamos","category-noticias","xfolkentry"],"_links":{"self":[{"href":"https:\/\/www.ambienteyenergia.gob.ec\/ambiente\/wp-json\/wp\/v2\/posts\/26317","targetHints":{"allow":["GET"]}}],"collection":[{"href":"https:\/\/www.ambienteyenergia.gob.ec\/ambiente\/wp-json\/wp\/v2\/posts"}],"about":[{"href":"https:\/\/www.ambienteyenergia.gob.ec\/ambiente\/wp-json\/wp\/v2\/types\/post"}],"author":[{"embeddable":true,"href":"https:\/\/www.ambienteyenergia.gob.ec\/ambiente\/wp-json\/wp\/v2\/users\/13"}],"replies":[{"embeddable":true,"href":"https:\/\/www.ambienteyenergia.gob.ec\/ambiente\/wp-json\/wp\/v2\/comments?post=26317"}],"version-history":[{"count":0,"href":"https:\/\/www.ambienteyenergia.gob.ec\/ambiente\/wp-json\/wp\/v2\/posts\/26317\/revisions"}],"wp:featuredmedia":[{"embeddable":true,"href":"https:\/\/www.ambienteyenergia.gob.ec\/ambiente\/wp-json\/wp\/v2\/media\/26320"}],"wp:attachment":[{"href":"https:\/\/www.ambienteyenergia.gob.ec\/ambiente\/wp-json\/wp\/v2\/media?parent=26317"}],"wp:term":[{"taxonomy":"category","embeddable":true,"href":"https:\/\/www.ambienteyenergia.gob.ec\/ambiente\/wp-json\/wp\/v2\/categories?post=26317"},{"taxonomy":"post_tag","embeddable":true,"href":"https:\/\/www.ambienteyenergia.gob.ec\/ambiente\/wp-json\/wp\/v2\/tags?post=26317"}],"curies":[{"name":"wp","href":"https:\/\/api.w.org\/{rel}","templated":true}]}}