{"id":26312,"date":"2015-09-05T10:31:29","date_gmt":"2015-09-05T15:31:29","guid":{"rendered":"http:\/\/www.ambiente.gob.ec\/?p=26312"},"modified":"2015-09-13T19:34:08","modified_gmt":"2015-09-14T00:34:08","slug":"ecuador-reanuda-cooperacion-con-alemana-en-temas-ambientales","status":"publish","type":"post","link":"https:\/\/www.ambienteyenergia.gob.ec\/ambiente\/ecuador-reanuda-cooperacion-con-alemana-en-temas-ambientales\/","title":{"rendered":"Ecuador reanuda cooperaci\u00f3n con Alemana en temas ambientales"},"content":{"rendered":"<p style=\"text-align: right;\"><strong>Quito, 11 de septiembre del 2015<\/strong><\/p>\n<p style=\"text-align: justify;\">Una delegaci\u00f3n ecuatoriana liderada por la Ministra de Ambiente del Ecuador, Lorena Tapia N., viaj\u00f3 hacia Alemania con el af\u00e1n de reanudar las relaciones de cooperaci\u00f3n que por d\u00e9cadas mantiene la cooperaci\u00f3n alemana y el Ecuador en temas ambientales.<\/p>\n<p style=\"text-align: justify;\">Las delegaciones decidieron reunirse luego de que existiera el acuerdo de retomar la cooperaci\u00f3n en el di\u00e1logo mantenido entre la Canciller alemana, Angela Merkel, \u00a0y el Presidente Rafael Correa en el marco de la Cumbre de la Uni\u00f3n Europea y la Comunidad de Estados Latinoamericanos y Caribe\u00f1os (UE-Celac), que se realiz\u00f3 en Junio de 2015 en Bruselas (B\u00e9lgica).<\/p>\n<p style=\"text-align: justify;\">En su visita realizada entre el 10 y 11 de septiembre, las misiones de los pa\u00edses revisaron los programas de cooperaci\u00f3n financiera y t\u00e9cnica que se vienen implementando en el pa\u00eds y definieron algunos mecanismos que les permitir\u00e1 establecer una relaci\u00f3n de coordinaci\u00f3n estrecha con las pol\u00edticas ambientales \u00a0ecuatorianas y la Autoridad Ambiental Nacional.<\/p>\n<p style=\"text-align: justify;\">Uno de los cambios previstos significan que la cooperaci\u00f3n financiera se canalice a trav\u00e9s de los programas nacionales que se ejecutan por el Ministerio del Ambiente y que para la implementaci\u00f3n de la cooperaci\u00f3n t\u00e9cnica se cuente con un Comit\u00e9 Estrat\u00e9gico de planificaci\u00f3n, seguimiento e implementaci\u00f3n liderado por el MAE.<\/p>\n<p style=\"text-align: justify;\">Una vez firmada el acta que retoma la cooperaci\u00f3n, la Ministra de Ambiente Lorena Tapia se reuni\u00f3 con el Secretario de Estado Alem\u00e1n, Jochen Flasbarth y dialogaron sobre temas concernientes a la COP21 sobre cambio clim\u00e1tico, a realizarse en Par\u00eds, en noviembre pr\u00f3ximo y la agenda\u00a02030 sobre desarrollo sustentable, en el que se enfatiz\u00f3 \u00a0la importancia del trabajo que realiza el Ecuador a nivel de protecci\u00f3n ambiental.<\/p>\n<p style=\"text-align: justify;\"><strong>ENLACES REALACIONADOS<\/strong><\/p>\n<p style=\"text-align: justify;\">BOLET\u00cdN I\u00a0<strong><a href=\"http:\/\/www.ambienteyenergia.gob.ec\/ambiente\/?p=26307\" target=\"_blank\">Se reanuda la cooperaci\u00f3n ambiental alemana con el Ecuador<\/a><\/strong><\/p>\n<p style=\"text-align: justify;\">BOLET\u00cdN I\u00a0<strong><a href=\"http:\/\/www.ambienteyenergia.gob.ec\/ambiente\/ecuador-y-alemania-dialogan-por-un-compromiso-ambiental\/\" target=\"_blank\">Ecuador y Alemania dialogan por un compromiso ambiental<\/a><\/strong><\/p>\n","protected":false},"excerpt":{"rendered":"<p class=\"excerpt\">Quito, 11 de septiembre del 2015 Una delegaci\u00f3n ecuatoriana liderada por la Ministra de Ambiente del Ecuador, Lorena Tapia N., viaj\u00f3 hacia Alemania con el af\u00e1n de reanudar las relaciones de cooperaci\u00f3n que por d\u00e9cadas mantiene la cooperaci\u00f3n alemana y el Ecuador en temas ambientales. Las delegaciones decidieron reunirse luego de que existiera el acuerdo de retomar la cooperaci\u00f3n en&hellip; <a href=\"https:\/\/www.ambienteyenergia.gob.ec\/ambiente\/ecuador-reanuda-cooperacion-con-alemana-en-temas-ambientales\/\">Read more &rarr;<\/a><\/p>\n","protected":false},"author":13,"featured_media":26313,"comment_status":"open","ping_status":"open","sticky":false,"template":"","format":"standard","meta":{"footnotes":""},"categories":[16,4],"tags":[228,911,48,108,53],"class_list":["post-26312","post","type-post","status-publish","format-standard","has-post-thumbnail","hentry","category-comunicamos","category-noticias","tag-alemania","tag-cooperacion-ambiental","tag-ecuador","tag-lorena-tapia","tag-mae","xfolkentry"],"_links":{"self":[{"href":"https:\/\/www.ambienteyenergia.gob.ec\/ambiente\/wp-json\/wp\/v2\/posts\/26312","targetHints":{"allow":["GET"]}}],"collection":[{"href":"https:\/\/www.ambienteyenergia.gob.ec\/ambiente\/wp-json\/wp\/v2\/posts"}],"about":[{"href":"https:\/\/www.ambienteyenergia.gob.ec\/ambiente\/wp-json\/wp\/v2\/types\/post"}],"author":[{"embeddable":true,"href":"https:\/\/www.ambienteyenergia.gob.ec\/ambiente\/wp-json\/wp\/v2\/users\/13"}],"replies":[{"embeddable":true,"href":"https:\/\/www.ambienteyenergia.gob.ec\/ambiente\/wp-json\/wp\/v2\/comments?post=26312"}],"version-history":[{"count":0,"href":"https:\/\/www.ambienteyenergia.gob.ec\/ambiente\/wp-json\/wp\/v2\/posts\/26312\/revisions"}],"wp:featuredmedia":[{"embeddable":true,"href":"https:\/\/www.ambienteyenergia.gob.ec\/ambiente\/wp-json\/wp\/v2\/media\/26313"}],"wp:attachment":[{"href":"https:\/\/www.ambienteyenergia.gob.ec\/ambiente\/wp-json\/wp\/v2\/media?parent=26312"}],"wp:term":[{"taxonomy":"category","embeddable":true,"href":"https:\/\/www.ambienteyenergia.gob.ec\/ambiente\/wp-json\/wp\/v2\/categories?post=26312"},{"taxonomy":"post_tag","embeddable":true,"href":"https:\/\/www.ambienteyenergia.gob.ec\/ambiente\/wp-json\/wp\/v2\/tags?post=26312"}],"curies":[{"name":"wp","href":"https:\/\/api.w.org\/{rel}","templated":true}]}}