{"id":26263,"date":"2015-09-01T10:37:24","date_gmt":"2015-09-01T15:37:24","guid":{"rendered":"http:\/\/www.ambiente.gob.ec\/?p=26263"},"modified":"2015-09-07T11:29:16","modified_gmt":"2015-09-07T16:29:16","slug":"orden-de-prision-preventiva-para-mexicano-por-delito-ambiental-en-galapagos","status":"publish","type":"post","link":"https:\/\/www.ambienteyenergia.gob.ec\/ambiente\/orden-de-prision-preventiva-para-mexicano-por-delito-ambiental-en-galapagos\/","title":{"rendered":"Orden de prisi\u00f3n preventiva para mexicano por delito ambiental en Gal\u00e1pagos"},"content":{"rendered":"<p style=\"text-align: right;\"><strong>Quito, 7 de septiembre del 2015<\/strong><\/p>\n<ul>\n<li style=\"text-align: justify;\">La audiencia de calificaci\u00f3n de flagrancia se llev\u00f3 a cabo la noche de ayer en la Unidad Judicial Multicompetente de Santa Cruz.<\/li>\n<li style=\"text-align: justify;\">La jueza a cargo del caso encontr\u00f3 todos elementos necesarios para dictar la prisi\u00f3n preventiva en contra del detenido.<\/li>\n<\/ul>\n<p style=\"text-align: justify;\">A las las 22h30 de ayer se llev\u00f3 acabo la Audiencia de Calificaci\u00f3n de Flagrancia contra el ciudadano mexicano identificado como Gustavo Eduardo T., en la Unidad Judicial Multicompetente del cant\u00f3n Santa Cruz. Luego de la exposici\u00f3n de cada una de las partes la jueza de garant\u00edas penales dict\u00f3 la orden de prisi\u00f3n preventiva en contra del procesado por evidenciar la consecuci\u00f3n de un presunto delito de acuerdo a lo estipulado en el art\u00edculo 247 del C\u00f3digo Integral Penal (COIP).<\/p>\n<p style=\"text-align: justify;\">Tras esta decisi\u00f3n el detenido ser\u00e1 trasladado a Guayaquil en el lapso de esta semana y all\u00ed esperar\u00e1 el inicio de la instrucci\u00f3n fiscal que ser\u00e1 de 30 d\u00edas, seg\u00fan lo indica le Ley. En cuanto a las once iguanas que pudieron ser retenidas se concedi\u00f3 la custodia y entrega inmediata de los reptiles a la Direcci\u00f3n del Parque Nacional Gal\u00e1pagos (DPNG), quienes hicieron este pedido a la fiscal cumpliendo as\u00ed el principio de precauci\u00f3n.<\/p>\n<p style=\"text-align: justify;\">Al momento las nueve iguanas: 9 marinas neonatas (Amblyrhymchus cristatus), y 2 iguanas juveniles terrestres (Conolophus suscristatus), especies end\u00e9micas de Gal\u00e1pagos est\u00e1n siendo valoradas y alimentadas antes de poderlas reinsertar en su h\u00e1bitat.<\/p>\n<p style=\"text-align: justify;\">Los animales fueron encontrados dentro de una maleta en donde hab\u00edan sido embaladas de tal manera que no pudieran moverse. La manera de c\u00f3mo eran sacadas de las islas es investigada al momento por la Polic\u00eda Nacional pues se desconoce el procedimiento que usaba el detenido, lo que permite presumir que existen m\u00e1s personas involucradas en el tr\u00e1fico de estas especies end\u00e9micas.<\/p>\n<p style=\"text-align: justify;\">Con la captura de este ciudadano el Ministerio del Ambiente y la Polic\u00eda Nacional han propiciado un golpe certero contra el tr\u00e1fico de especies penado por nuestra legislaci\u00f3n (Art. 247 que se\u00f1ala que \u201cla persona que cace, pesque, capture, recolecte, extraiga, tenga,, transporte trafique, se beneficie, permute o comercialice espec\u00edmenes o sus partes, sus elementos constitutivos, productos y derivados de flora o fauna silvestre terrestre, marina o acu\u00e1tica, de especias amenazadas, en peligro de extinci\u00f3n y migratorias listadas a nivel nacional por la autoridad ambiental nacional as\u00ed como instrumentos o tratados internacionales ratificados por el Estado, ser\u00e1 sancionado con pena privativa de libertad de uno a tres a\u00f1os\u201d), y recuerda a la ciudadan\u00eda que trabajamos cada d\u00eda para resguardar nuestros recursos para Ecuador y el mundo.<\/p>\n<p style=\"text-align: justify;\">Nuestras l\u00edneas est\u00e1n abiertas adem\u00e1s para receptar denuncias por casos similares e inclusive para reportar la tenencia ilegal de animales en domicilios particulares. El n\u00famero al que pueden contactarse es el 1800 ambiente (26243683).<\/p>\n<p><strong>Enlaces relacionados\u00a0<\/strong><\/p>\n<p><strong>BOLETIN<\/strong> I\u00a0<a href=\"http:\/\/www.ambienteyenergia.gob.ec\/ambiente\/detenido-traficante-internacional-de-vida-silvestre\/\" target=\"_blank\">Detenido traficante internacional de vida silvestre\u00a0<\/a><\/p>\n<p><strong>Direcci\u00f3n de Comunicaci\u00f3n<\/strong><\/p>\n<p><strong>Ministerio del Ambiente<\/strong><\/p>\n","protected":false},"excerpt":{"rendered":"<p class=\"excerpt\">Quito, 7 de septiembre del 2015 La audiencia de calificaci\u00f3n de flagrancia se llev\u00f3 a cabo la noche de ayer en la Unidad Judicial Multicompetente de Santa Cruz. La jueza a cargo del caso encontr\u00f3 todos elementos necesarios para dictar la prisi\u00f3n preventiva en contra del detenido. A las las 22h30 de ayer se llev\u00f3 acabo la Audiencia de Calificaci\u00f3n&hellip; <a href=\"https:\/\/www.ambienteyenergia.gob.ec\/ambiente\/orden-de-prision-preventiva-para-mexicano-por-delito-ambiental-en-galapagos\/\">Read more &rarr;<\/a><\/p>\n","protected":false},"author":13,"featured_media":26264,"comment_status":"open","ping_status":"open","sticky":false,"template":"","format":"standard","meta":{"footnotes":""},"categories":[16,4],"tags":[],"class_list":["post-26263","post","type-post","status-publish","format-standard","has-post-thumbnail","hentry","category-comunicamos","category-noticias","xfolkentry"],"_links":{"self":[{"href":"https:\/\/www.ambienteyenergia.gob.ec\/ambiente\/wp-json\/wp\/v2\/posts\/26263","targetHints":{"allow":["GET"]}}],"collection":[{"href":"https:\/\/www.ambienteyenergia.gob.ec\/ambiente\/wp-json\/wp\/v2\/posts"}],"about":[{"href":"https:\/\/www.ambienteyenergia.gob.ec\/ambiente\/wp-json\/wp\/v2\/types\/post"}],"author":[{"embeddable":true,"href":"https:\/\/www.ambienteyenergia.gob.ec\/ambiente\/wp-json\/wp\/v2\/users\/13"}],"replies":[{"embeddable":true,"href":"https:\/\/www.ambienteyenergia.gob.ec\/ambiente\/wp-json\/wp\/v2\/comments?post=26263"}],"version-history":[{"count":0,"href":"https:\/\/www.ambienteyenergia.gob.ec\/ambiente\/wp-json\/wp\/v2\/posts\/26263\/revisions"}],"wp:featuredmedia":[{"embeddable":true,"href":"https:\/\/www.ambienteyenergia.gob.ec\/ambiente\/wp-json\/wp\/v2\/media\/26264"}],"wp:attachment":[{"href":"https:\/\/www.ambienteyenergia.gob.ec\/ambiente\/wp-json\/wp\/v2\/media?parent=26263"}],"wp:term":[{"taxonomy":"category","embeddable":true,"href":"https:\/\/www.ambienteyenergia.gob.ec\/ambiente\/wp-json\/wp\/v2\/categories?post=26263"},{"taxonomy":"post_tag","embeddable":true,"href":"https:\/\/www.ambienteyenergia.gob.ec\/ambiente\/wp-json\/wp\/v2\/tags?post=26263"}],"curies":[{"name":"wp","href":"https:\/\/api.w.org\/{rel}","templated":true}]}}