{"id":26259,"date":"2015-09-06T19:33:39","date_gmt":"2015-09-07T00:33:39","guid":{"rendered":"http:\/\/www.ambiente.gob.ec\/?p=26259"},"modified":"2015-09-07T10:03:50","modified_gmt":"2015-09-07T15:03:50","slug":"detenido-traficante-internacional-de-vida-silvestre","status":"publish","type":"post","link":"https:\/\/www.ambienteyenergia.gob.ec\/ambiente\/detenido-traficante-internacional-de-vida-silvestre\/","title":{"rendered":"Detenido traficante internacional de vida silvestre"},"content":{"rendered":"<p style=\"text-align: right;\"><strong>Quito, 6 de septiembre del 2015<\/strong><\/p>\n<ul>\n<li>Hace pocos minutos acaba de ser detenido un ciudadano extranjero que pretend\u00eda sacar desde la Isla Santa Cruz 11 iguanas para transportarlas fuera del pa\u00eds<\/li>\n<li>Este ser\u00eda el segundo env\u00edo realizado por el detenido quien tiene antecedentes por tr\u00e1fico de vida silvestre en Nueva Zelanda.<\/li>\n<\/ul>\n<p style=\"text-align: justify;\">El Ministerio del Ambiente a trav\u00e9s de las redes de cooperaci\u00f3n internacional viene trabajando desde hace tres meses atr\u00e1s en la investigaci\u00f3n de una presunta red internacional de tr\u00e1fico de vida silvestre y esta tarde se obtuvo los primeros resultados con la captura de un ciudadano mexicano que pretend\u00eda sacar por Puerto Ayora (Isla Santa Cruz), un total de once iguanas entre marinas y terrestres.<\/p>\n<p style=\"text-align: justify;\">Esta detenci\u00f3n se logr\u00f3 gracias al trabajo conjunto que realiza el MAE con especialistas de vida silvestre de los pa\u00edses signatarios de la CITES (Convenci\u00f3n sobre el Comercio Internacional de Especies Amenazadas de Fauna y Flora Silvestres del cual Ecuador es signatario desde 1975), quien pudo alertarnos sobre el nuevo env\u00edo que se pretend\u00eda hacer desde el Ecuador hacia Uganda.<\/p>\n<p style=\"text-align: justify;\">Con esa informaci\u00f3n el MAE junto a la Polic\u00eda Nacional realizaron los seguimientos e investigaciones pertinentes y dieron con el paradero de este sujeto que formar\u00eda parte de toda una red internacional que buscaba traficar con las iguanas que viven y se reproducen dentro del \u00e1rea protegida.<\/p>\n<p style=\"text-align: justify;\">La manera de operar de esta red internacional era a trav\u00e9s de este ciudadano mexicano (cuya identidad se est\u00e1 verificando), quien se encargaba de capturar a esta especie end\u00e9mica para luego sacarla de las islas con la ayuda de otros extranjeros que supuestamente llegaban a las islas para hacer turismo y ya desde el territorio continental los sacaban rumbo a Uganda.<\/p>\n<p style=\"text-align: justify;\">El detenido tiene antecedentes penales por tr\u00e1fico de vida silvestre y estuvo preso en el 2010 en Nueva Zelanda por recolectar ilegalmente reptiles propios de ese pa\u00eds. Su pena fue de 18 semanas en prisi\u00f3n.<\/p>\n<p style=\"text-align: justify;\">El tr\u00e1fico de vida silvestre es la tercera actividad il\u00edcita m\u00e1s rentable a nivel mundial, luego del tr\u00e1fico de drogas y de armas. El C\u00f3digo Org\u00e1nico Integral Penal contempla la sanci\u00f3n de prisi\u00f3n de hasta 3 a\u00f1os para quien cause la muerte de una especie en peligro de extinci\u00f3n, seg\u00fan el art\u00edculo 247 sobre delitos contra la flora y la fauna silvestre.<\/p>\n<p style=\"text-align: justify;\">El art\u00edculo se\u00f1ala que \u201cla persona que cace, pesque, capture, recolecte, extraiga, tenga,, transporte trafique, se beneficie, permute o comercialice espec\u00edmenes o sus partes, sus elementos constitutivos, productos y derivados de flora o fauna silvestre terrestre, marina o acu\u00e1tica, de especias amenazadas, en peligro de extinci\u00f3n y migratorias listadas a nivel nacional por la autoridad ambiental nacional as\u00ed como instrumentos o tratados internacionales ratificados por el Estado, ser\u00e1 sancionado con pena privativa de libertad de uno a tres a\u00f1os\u201d.<\/p>\n<p style=\"text-align: justify;\"><strong>Direcci\u00f3n de Comunicaci\u00f3n<\/strong><\/p>\n<p style=\"text-align: justify;\"><strong>Ministerio del Ambiente<\/strong><\/p>\n","protected":false},"excerpt":{"rendered":"<p class=\"excerpt\">Quito, 6 de septiembre del 2015 Hace pocos minutos acaba de ser detenido un ciudadano extranjero que pretend\u00eda sacar desde la Isla Santa Cruz 11 iguanas para transportarlas fuera del pa\u00eds Este ser\u00eda el segundo env\u00edo realizado por el detenido quien tiene antecedentes por tr\u00e1fico de vida silvestre en Nueva Zelanda. El Ministerio del Ambiente a trav\u00e9s de las redes&hellip; <a href=\"https:\/\/www.ambienteyenergia.gob.ec\/ambiente\/detenido-traficante-internacional-de-vida-silvestre\/\">Read more &rarr;<\/a><\/p>\n","protected":false},"author":13,"featured_media":26260,"comment_status":"open","ping_status":"open","sticky":false,"template":"","format":"standard","meta":{"footnotes":""},"categories":[16,4,1],"tags":[],"class_list":["post-26259","post","type-post","status-publish","format-standard","has-post-thumbnail","hentry","category-comunicamos","category-noticias","category-sin-categoria","xfolkentry"],"_links":{"self":[{"href":"https:\/\/www.ambienteyenergia.gob.ec\/ambiente\/wp-json\/wp\/v2\/posts\/26259","targetHints":{"allow":["GET"]}}],"collection":[{"href":"https:\/\/www.ambienteyenergia.gob.ec\/ambiente\/wp-json\/wp\/v2\/posts"}],"about":[{"href":"https:\/\/www.ambienteyenergia.gob.ec\/ambiente\/wp-json\/wp\/v2\/types\/post"}],"author":[{"embeddable":true,"href":"https:\/\/www.ambienteyenergia.gob.ec\/ambiente\/wp-json\/wp\/v2\/users\/13"}],"replies":[{"embeddable":true,"href":"https:\/\/www.ambienteyenergia.gob.ec\/ambiente\/wp-json\/wp\/v2\/comments?post=26259"}],"version-history":[{"count":0,"href":"https:\/\/www.ambienteyenergia.gob.ec\/ambiente\/wp-json\/wp\/v2\/posts\/26259\/revisions"}],"wp:featuredmedia":[{"embeddable":true,"href":"https:\/\/www.ambienteyenergia.gob.ec\/ambiente\/wp-json\/wp\/v2\/media\/26260"}],"wp:attachment":[{"href":"https:\/\/www.ambienteyenergia.gob.ec\/ambiente\/wp-json\/wp\/v2\/media?parent=26259"}],"wp:term":[{"taxonomy":"category","embeddable":true,"href":"https:\/\/www.ambienteyenergia.gob.ec\/ambiente\/wp-json\/wp\/v2\/categories?post=26259"},{"taxonomy":"post_tag","embeddable":true,"href":"https:\/\/www.ambienteyenergia.gob.ec\/ambiente\/wp-json\/wp\/v2\/tags?post=26259"}],"curies":[{"name":"wp","href":"https:\/\/api.w.org\/{rel}","templated":true}]}}