{"id":26255,"date":"2015-09-01T19:02:02","date_gmt":"2015-09-02T00:02:02","guid":{"rendered":"http:\/\/www.ambiente.gob.ec\/?p=26255"},"modified":"2015-09-06T19:03:42","modified_gmt":"2015-09-07T00:03:42","slug":"ecuador-en-el-xiv-congreso-forestal-mundial","status":"publish","type":"post","link":"https:\/\/www.ambienteyenergia.gob.ec\/ambiente\/ecuador-en-el-xiv-congreso-forestal-mundial\/","title":{"rendered":"Ecuador en el XIV Congreso Forestal Mundial"},"content":{"rendered":"<p>Quito, 4 de septiembre del 2015<\/p>\n<p>&nbsp;<\/p>\n<ul>\n<li>Del 7 al 11 de septiembre se desarrollar\u00e1 en Sud\u00e1frica el XIV Congreso Forestal Mundial<\/li>\n<li>Ecuador, en el marco del evento, expondr\u00e1 sus pol\u00edticas forestales y propiciar\u00e1 alianzas para continuar trabajando en los proyectos relacionados a esta \u00e1rea.<\/li>\n<\/ul>\n<p>Con el fin de compartir conocimientos t\u00e9cnicos, experiencias actuales del sector forestal, recursos asociados y a su vez abrir espacios de di\u00e1logo y generaci\u00f3n de alianzas institucionales la comunidad forestal mundial se dar\u00e1 cita en Sud\u00e1frica reuniendo expertos, t\u00e9cnicos, tomadores de decisiones, donantes, entre otros.<\/p>\n<p>La reuni\u00f3n, auspiciada por la Organizaci\u00f3n de las Naciones Unidas para la Agricultura y la Alimentaci\u00f3n (FAO), tendr\u00e1 lugar en Durban, ubicada a orillas del oc\u00e9ano \u00cdndico.<\/p>\n<p>El primer Congreso se celebr\u00f3 en Roma en 1926 y desde entonces se lleva a cabo normalmente cada seis a\u00f1os. El \u00faltimo encuentro se desarroll\u00f3 del 18 al 23 de octubre del 2009 en Buenos Aires, Argentina.<\/p>\n<p>Para el evento de este a\u00f1o, representando a Ecuador, participar\u00e1 el Ministerio del Ambiente (MAE). Los delegados ecuatorianos, funcionarios de esta Cartera de Estado, expondr\u00e1n las pol\u00edticas forestales del pa\u00eds y socializar\u00e1n las perspectivas en materia forestal frente a una agenda de desarrollo post 2015.<\/p>\n<p>Tambi\u00e9n, buscar\u00e1n posicionar al pa\u00eds con el fuerte compromiso de ampliar los esfuerzos por integrar a los sectores de la conservaci\u00f3n de bosques, las comunidades y pueblos ind\u00edgenas dependientes de los bosques y el sector forestal productivo, dentro de los objetivos de desarrollo sostenible.<\/p>\n<p>Otro objetivo de los participantes nacionales ser\u00e1 denotar la necesidad de promover actividades consistentes de Manejo Forestal Sustentable (MFS), incluyentes, leg\u00edtimas, con marcos legales s\u00f3lidos y transparentes; y, principalmente, con el compromiso de aportar recursos existentes para su ejecuci\u00f3n.<\/p>\n<p>Adem\u00e1s, propiciar\u00e1n escenarios de discusi\u00f3n y desarrollo de pol\u00edticas forestales con base a los instrumentos internacionales existentes, optimizando el di\u00e1logo hacia instrumentos concretos y aplicados a la realidad.<\/p>\n<p>As\u00ed tambi\u00e9n, se aprovechar\u00e1 el encuentro para establecer contactos y propiciar futuras alianzas estrat\u00e9gicas con representantes de gobiernos, la industria, el sector privado, donantes, la sociedad civil y los encargados de conservar y mantener los recursos forestales para beneficio del pa\u00eds.<\/p>\n<p>Finalmente, la representaci\u00f3n ecuatoriana aunar\u00e1 esfuerzos por apuntalar la gesti\u00f3n t\u00e9cnica y financiera para desarrollar las propuestas plasmadas en el Marco Nacional de Prioridades para la Asistencia T\u00e9cnica de la FAO en Ecuador 2013 \u2013 2017, en especial el \u00c1rea Prioritaria 4: \u201cContribuir a la consolidaci\u00f3n de la pol\u00edtica p\u00fablica ambiental a trav\u00e9s de la conservaci\u00f3n, valoraci\u00f3n y manejo sostenible de la biodiversidad y los recursos naturales como recurso estrat\u00e9gico del Estado, as\u00ed como asegurar los servicios ecosist\u00e9micos, y desarrollar estrategias de adaptaci\u00f3n y mitigaci\u00f3n para enfrentar el cambio clim\u00e1tico y asegurar la soberan\u00eda alimentaria\u201d.<\/p>\n<p>Sin lugar a dudas, Ecuador se ha preparado para su asistencia al XIV Congreso Forestal Mundial. Incluso, la Embajadora de Sud\u00e1frica en Per\u00fa concurrente en Ecuador, Elsa Dry, visit\u00f3 el pa\u00eds del 25 al 28 de agosto del presente a\u00f1o, para tratar asuntos relacionados a este evento internacional. La m\u00e1xima autoridad del Ministerio del Ambiente, Mgs. Lorena Tapia, mantuvo una reuni\u00f3n con la Embajadora durante su estancia en el Pa\u00eds.<\/p>\n<p>&nbsp;<\/p>\n<p><strong><u>Departamento de Comunicaci\u00f3n<\/u><\/strong><\/p>\n<p><strong><u>Ministerio del Ambiente<\/u><\/strong><\/p>\n","protected":false},"excerpt":{"rendered":"<p class=\"excerpt\">Quito, 4 de septiembre del 2015 &nbsp; Del 7 al 11 de septiembre se desarrollar\u00e1 en Sud\u00e1frica el XIV Congreso Forestal Mundial Ecuador, en el marco del evento, expondr\u00e1 sus pol\u00edticas forestales y propiciar\u00e1 alianzas para continuar trabajando en los proyectos relacionados a esta \u00e1rea. Con el fin de compartir conocimientos t\u00e9cnicos, experiencias actuales del sector forestal, recursos asociados y&hellip; <a href=\"https:\/\/www.ambienteyenergia.gob.ec\/ambiente\/ecuador-en-el-xiv-congreso-forestal-mundial\/\">Read more &rarr;<\/a><\/p>\n","protected":false},"author":13,"featured_media":26256,"comment_status":"open","ping_status":"open","sticky":false,"template":"","format":"standard","meta":{"footnotes":""},"categories":[16,4],"tags":[],"class_list":["post-26255","post","type-post","status-publish","format-standard","has-post-thumbnail","hentry","category-comunicamos","category-noticias","xfolkentry"],"_links":{"self":[{"href":"https:\/\/www.ambienteyenergia.gob.ec\/ambiente\/wp-json\/wp\/v2\/posts\/26255","targetHints":{"allow":["GET"]}}],"collection":[{"href":"https:\/\/www.ambienteyenergia.gob.ec\/ambiente\/wp-json\/wp\/v2\/posts"}],"about":[{"href":"https:\/\/www.ambienteyenergia.gob.ec\/ambiente\/wp-json\/wp\/v2\/types\/post"}],"author":[{"embeddable":true,"href":"https:\/\/www.ambienteyenergia.gob.ec\/ambiente\/wp-json\/wp\/v2\/users\/13"}],"replies":[{"embeddable":true,"href":"https:\/\/www.ambienteyenergia.gob.ec\/ambiente\/wp-json\/wp\/v2\/comments?post=26255"}],"version-history":[{"count":0,"href":"https:\/\/www.ambienteyenergia.gob.ec\/ambiente\/wp-json\/wp\/v2\/posts\/26255\/revisions"}],"wp:featuredmedia":[{"embeddable":true,"href":"https:\/\/www.ambienteyenergia.gob.ec\/ambiente\/wp-json\/wp\/v2\/media\/26256"}],"wp:attachment":[{"href":"https:\/\/www.ambienteyenergia.gob.ec\/ambiente\/wp-json\/wp\/v2\/media?parent=26255"}],"wp:term":[{"taxonomy":"category","embeddable":true,"href":"https:\/\/www.ambienteyenergia.gob.ec\/ambiente\/wp-json\/wp\/v2\/categories?post=26255"},{"taxonomy":"post_tag","embeddable":true,"href":"https:\/\/www.ambienteyenergia.gob.ec\/ambiente\/wp-json\/wp\/v2\/tags?post=26255"}],"curies":[{"name":"wp","href":"https:\/\/api.w.org\/{rel}","templated":true}]}}