{"id":26248,"date":"2015-09-04T17:41:57","date_gmt":"2015-09-04T22:41:57","guid":{"rendered":"http:\/\/www.ambiente.gob.ec\/?p=26248"},"modified":"2015-09-04T17:41:57","modified_gmt":"2015-09-04T22:41:57","slug":"restaurando-la-conciencia-ambiental-en-la-ciudadania","status":"publish","type":"post","link":"https:\/\/www.ambienteyenergia.gob.ec\/ambiente\/restaurando-la-conciencia-ambiental-en-la-ciudadania\/","title":{"rendered":"Restaurando la conciencia ambiental en la ciudadan\u00eda"},"content":{"rendered":"<p style=\"text-align: right;\"><strong>Quito, 4 de septiembre del 2015<\/strong><\/p>\n<ul>\n<li>\u00a0Se inicia actividades de restauraci\u00f3n forestal en la Quebrada de Santa Ana ubicada en San Antonio de Pichincha.<\/li>\n<li>En esta ocasi\u00f3n se sembr\u00f3 100 \u00e1rboles nativos con la participaron de m\u00e1s de 100 personas en especial de ni\u00f1os y j\u00f3venes.<\/li>\n<\/ul>\n<p style=\"text-align: justify;\">En la Quebrada de Santa Ana, conocida antiguamente como \u201cMandingo\u201d nombre que hace referencia al \u201cdiablo del bien\u201d, aquella deidad protectora de los sembr\u00edos, del agua, y de las cosechas en los equinoccios, ubicada en San Antonio de Pichincha, al norte de Quito, se realiz\u00f3 una actividad de limpieza y siembra de cien \u00e1rboles nativos entre cholanes, algarrobos y arbustos de chilca, plantas de reconocido valor farmacol\u00f3gico y medicinal, de las cuales ya se beneficiaban los pobladores que habitaban en este sector desde \u00e9pocas remotas.<\/p>\n<p style=\"text-align: justify;\">\u00a0El evento fue organizado por el Museo de Sitio Inti\u00f1an con el apoyo del GAD de San Antonio, del Frente de Barrios \u201cQuebrada Santa Ana\u201d, del Sistema de Museos y Centros Culturales Quito (SMQ), y los ni\u00f1os asistentes al programa vacacional que desarrolla el personal del Museo, quienes se comprometieron a cuidar y mantener cada uno de los \u00e1rboles sembrados por ellos.<\/p>\n<p style=\"text-align: justify;\">El Ministerio del Ambiente (MAE), a trav\u00e9s del Programa Nacional de Restauraci\u00f3n Forestal, apadrin\u00f3 dichas actividades mediante la donaci\u00f3n de las especies vegetales as\u00ed como del soporte humano para efectuar la limpieza de la quebrada y la preparaci\u00f3n del \u00e1rea de cultivo; y, don\u00f3 la cantidad de hidrogel necesaria para una eficiente labranza.<\/p>\n<p style=\"text-align: justify;\">Carlos Morales, Coordinador Nacional de Restauraci\u00f3n Forestal, dirigi\u00e9ndose especialmente a los ni\u00f1os y j\u00f3venes presentes destac\u00f3 la importancia que tiene para una mejor calidad de vida actividades comunitarias de emprendimiento verde que robustecen una conciencia ambiental.<\/p>\n<p style=\"text-align: justify;\">Fabi\u00e1n Vera, Director del Museo de Sitio Inti\u00f1an se\u00f1al\u00f3 la importancia que tienen estas iniciativas inclusivas que enriquecen la participaci\u00f3n ciudadana y motivan un compromiso serio y constante con su medio natural.<\/p>\n<p style=\"text-align: justify;\">Vera puso de manifiesto algunos proyectos de reducci\u00f3n, reutilizaci\u00f3n y reciclaje de desechos y escombros extra\u00eddos a partir de la limpieza de la quebrada y que servir\u00edan como materia prima para la construcci\u00f3n de escenarios naturales como la iniciativa de crear un \u201cbosque tot\u00e9mico\u201d que fusione arte y naturaleza, cuya contemplaci\u00f3n se vea beneficiada por la incorporaci\u00f3n de productos reciclados: butacas, asientos, entre otros. El apoyo ministerial \u201cresulta imperativo\u201d, concluy\u00f3.<\/p>\n<p style=\"text-align: justify;\">El evento de restauraci\u00f3n forestal cumplido en la Quebrada Santa Ana cerr\u00f3 con \u201cbroche dorado\u201d una relaci\u00f3n de trabajo entre \u00e9sta Cartera de Estado y la Comunidad, concretando un convenio previamente acordado entre las partes y que, no solo alcanz\u00f3 los objetivos de sembrar 100 \u00e1rboles sino, de \u201csembrar una conciencia ambientalista\u201d que multiplique por cien la cantidad alcanzada.<\/p>\n<p style=\"text-align: justify;\">\u00a0<strong>Direcci\u00f3n de Comunicaci\u00f3n<\/strong><\/p>\n<p style=\"text-align: justify;\"><strong>Ministerio del Ambiente<\/strong><\/p>\n<p style=\"text-align: justify;\">\n","protected":false},"excerpt":{"rendered":"<p class=\"excerpt\">Quito, 4 de septiembre del 2015 \u00a0Se inicia actividades de restauraci\u00f3n forestal en la Quebrada de Santa Ana ubicada en San Antonio de Pichincha. En esta ocasi\u00f3n se sembr\u00f3 100 \u00e1rboles nativos con la participaron de m\u00e1s de 100 personas en especial de ni\u00f1os y j\u00f3venes. En la Quebrada de Santa Ana, conocida antiguamente como \u201cMandingo\u201d nombre que hace referencia&hellip; <a href=\"https:\/\/www.ambienteyenergia.gob.ec\/ambiente\/restaurando-la-conciencia-ambiental-en-la-ciudadania\/\">Read more &rarr;<\/a><\/p>\n","protected":false},"author":13,"featured_media":26249,"comment_status":"open","ping_status":"open","sticky":false,"template":"","format":"standard","meta":{"footnotes":""},"categories":[16,4],"tags":[],"class_list":["post-26248","post","type-post","status-publish","format-standard","has-post-thumbnail","hentry","category-comunicamos","category-noticias","xfolkentry"],"_links":{"self":[{"href":"https:\/\/www.ambienteyenergia.gob.ec\/ambiente\/wp-json\/wp\/v2\/posts\/26248","targetHints":{"allow":["GET"]}}],"collection":[{"href":"https:\/\/www.ambienteyenergia.gob.ec\/ambiente\/wp-json\/wp\/v2\/posts"}],"about":[{"href":"https:\/\/www.ambienteyenergia.gob.ec\/ambiente\/wp-json\/wp\/v2\/types\/post"}],"author":[{"embeddable":true,"href":"https:\/\/www.ambienteyenergia.gob.ec\/ambiente\/wp-json\/wp\/v2\/users\/13"}],"replies":[{"embeddable":true,"href":"https:\/\/www.ambienteyenergia.gob.ec\/ambiente\/wp-json\/wp\/v2\/comments?post=26248"}],"version-history":[{"count":0,"href":"https:\/\/www.ambienteyenergia.gob.ec\/ambiente\/wp-json\/wp\/v2\/posts\/26248\/revisions"}],"wp:featuredmedia":[{"embeddable":true,"href":"https:\/\/www.ambienteyenergia.gob.ec\/ambiente\/wp-json\/wp\/v2\/media\/26249"}],"wp:attachment":[{"href":"https:\/\/www.ambienteyenergia.gob.ec\/ambiente\/wp-json\/wp\/v2\/media?parent=26248"}],"wp:term":[{"taxonomy":"category","embeddable":true,"href":"https:\/\/www.ambienteyenergia.gob.ec\/ambiente\/wp-json\/wp\/v2\/categories?post=26248"},{"taxonomy":"post_tag","embeddable":true,"href":"https:\/\/www.ambienteyenergia.gob.ec\/ambiente\/wp-json\/wp\/v2\/tags?post=26248"}],"curies":[{"name":"wp","href":"https:\/\/api.w.org\/{rel}","templated":true}]}}