{"id":26244,"date":"2015-09-01T07:00:27","date_gmt":"2015-09-01T12:00:27","guid":{"rendered":"http:\/\/www.ambiente.gob.ec\/?p=26244"},"modified":"2015-09-07T07:48:13","modified_gmt":"2015-09-07T12:48:13","slug":"ecuador-y-alemania-dialogan-por-un-compromiso-ambiental","status":"publish","type":"post","link":"https:\/\/www.ambienteyenergia.gob.ec\/ambiente\/ecuador-y-alemania-dialogan-por-un-compromiso-ambiental\/","title":{"rendered":"Ecuador y Alemania dialogan por un compromiso ambiental"},"content":{"rendered":"<p style=\"text-align: right;\"><strong>Quito, 4 de septiembre del 2015<\/strong><\/p>\n<ul>\n<li style=\"text-align: justify;\">El pa\u00eds germano ser\u00e1 la sede de una reuni\u00f3n de alto nivel en la que se tomar\u00e1 decisiones de cooperaci\u00f3n entre ambas naciones.<\/li>\n<\/ul>\n<p style=\"text-align: justify;\">Autoridades ambientales de Ecuador y Alemania, adem\u00e1s de funcionarios del Ministerio de Relaciones Exteriores y Secretar\u00eda T\u00e9cnica de Cooperaci\u00f3n Internacional se re\u00fanen esta semana en Alemania para dialogar sobre temas de cooperaci\u00f3n t\u00e9cnica y financiera no reembolsable en temas ambientales, que el Gobierno de Ecuador propondr\u00e1 de acuerdo a las prioridades de gesti\u00f3n y cooperaci\u00f3n del Ministerio del Ambiente.<\/p>\n<p style=\"text-align: justify;\">Este encuentro se da en el marco de la Cumbre de la Uni\u00f3n Europea y la Comunidad de Estados Latinoamericanos y Caribe\u00f1os realizada en Junio pasado en Bruselas (B\u00e9lgica), donde se consider\u00f3 la intensi\u00f3n de la Rep\u00fablica Federal de Alemania de continuar los di\u00e1logos sobre la cooperaci\u00f3n ambiental con nuestro pa\u00eds.<\/p>\n<p style=\"text-align: justify;\">El Gobierno del Ecuador a trav\u00e9s de sus representantes entablar\u00e1 pl\u00e1ticas que permitan fortalecer el seguimiento a las acciones realizadas para garantizar el buen manejo de los recursos recibidos ya que todo acercamiento hacia compromisos ambientales siempre ser\u00e1 de gran beneficio para los ecuatorianos y para el medio ambiente en general.<\/p>\n<p style=\"text-align: justify;\">\u00a0<strong>Direcci\u00f3n de Comunicaci\u00f3n<\/strong><\/p>\n<p style=\"text-align: justify;\"><strong>Ministerio del Ambiente<\/strong><\/p>\n<p>&nbsp;<\/p>\n<p>&nbsp;<\/p>\n<p>&nbsp;<\/p>\n<p>&nbsp;<\/p>\n","protected":false},"excerpt":{"rendered":"<p class=\"excerpt\">Quito, 4 de septiembre del 2015 El pa\u00eds germano ser\u00e1 la sede de una reuni\u00f3n de alto nivel en la que se tomar\u00e1 decisiones de cooperaci\u00f3n entre ambas naciones. Autoridades ambientales de Ecuador y Alemania, adem\u00e1s de funcionarios del Ministerio de Relaciones Exteriores y Secretar\u00eda T\u00e9cnica de Cooperaci\u00f3n Internacional se re\u00fanen esta semana en Alemania para dialogar sobre temas de&hellip; <a href=\"https:\/\/www.ambienteyenergia.gob.ec\/ambiente\/ecuador-y-alemania-dialogan-por-un-compromiso-ambiental\/\">Read more &rarr;<\/a><\/p>\n","protected":false},"author":13,"featured_media":26245,"comment_status":"open","ping_status":"open","sticky":false,"template":"","format":"standard","meta":{"footnotes":""},"categories":[16,4],"tags":[],"class_list":["post-26244","post","type-post","status-publish","format-standard","has-post-thumbnail","hentry","category-comunicamos","category-noticias","xfolkentry"],"_links":{"self":[{"href":"https:\/\/www.ambienteyenergia.gob.ec\/ambiente\/wp-json\/wp\/v2\/posts\/26244","targetHints":{"allow":["GET"]}}],"collection":[{"href":"https:\/\/www.ambienteyenergia.gob.ec\/ambiente\/wp-json\/wp\/v2\/posts"}],"about":[{"href":"https:\/\/www.ambienteyenergia.gob.ec\/ambiente\/wp-json\/wp\/v2\/types\/post"}],"author":[{"embeddable":true,"href":"https:\/\/www.ambienteyenergia.gob.ec\/ambiente\/wp-json\/wp\/v2\/users\/13"}],"replies":[{"embeddable":true,"href":"https:\/\/www.ambienteyenergia.gob.ec\/ambiente\/wp-json\/wp\/v2\/comments?post=26244"}],"version-history":[{"count":0,"href":"https:\/\/www.ambienteyenergia.gob.ec\/ambiente\/wp-json\/wp\/v2\/posts\/26244\/revisions"}],"wp:featuredmedia":[{"embeddable":true,"href":"https:\/\/www.ambienteyenergia.gob.ec\/ambiente\/wp-json\/wp\/v2\/media\/26245"}],"wp:attachment":[{"href":"https:\/\/www.ambienteyenergia.gob.ec\/ambiente\/wp-json\/wp\/v2\/media?parent=26244"}],"wp:term":[{"taxonomy":"category","embeddable":true,"href":"https:\/\/www.ambienteyenergia.gob.ec\/ambiente\/wp-json\/wp\/v2\/categories?post=26244"},{"taxonomy":"post_tag","embeddable":true,"href":"https:\/\/www.ambienteyenergia.gob.ec\/ambiente\/wp-json\/wp\/v2\/tags?post=26244"}],"curies":[{"name":"wp","href":"https:\/\/api.w.org\/{rel}","templated":true}]}}