{"id":26239,"date":"2015-09-04T13:04:26","date_gmt":"2015-09-04T18:04:26","guid":{"rendered":"http:\/\/www.ambiente.gob.ec\/?p=26239"},"modified":"2015-09-04T13:04:26","modified_gmt":"2015-09-04T18:04:26","slug":"ministerio-de-ambiente-y-municipio-de-ruminahui-capacitan-en-manejo-de-residuos","status":"publish","type":"post","link":"https:\/\/www.ambienteyenergia.gob.ec\/ambiente\/ministerio-de-ambiente-y-municipio-de-ruminahui-capacitan-en-manejo-de-residuos\/","title":{"rendered":"Ministerio de Ambiente y Municipio de Rumi\u00f1ahui capacitan en manejo de residuos"},"content":{"rendered":"<p style=\"text-align: right;\"><strong>Quito, 4 de septiembre del 2015<\/strong><\/p>\n<ul>\n<li style=\"text-align: justify;\">Expertos de varios pa\u00edses del mundo llegaron a Ecuador para brindar capacitaci\u00f3n en gesti\u00f3n integral de residuos s\u00f3lidos.<\/li>\n<\/ul>\n<p style=\"text-align: justify;\">Francisco Mafla, Gerente Subrrogante del Programa Nacional para la Gesti\u00f3n Integral de Desechos S\u00f3lidos del Ministerio del Ambiente (MAE-PNGIDS), clausur\u00f3 el Congreso Internacional de Manejo de Residuos S\u00f3lidos y Responsabilidad Social Empresarial organizado por el Municipio de Rumi\u00f1ahui. El simposio tuvo lugar en el Centro de Convenciones Eugenio Espejo el 1, 2 y 3 de septiembre y el Ministerio tuvo un papel preponderante con el desarrollo de cinco charlas.<\/p>\n<p style=\"text-align: justify;\">\u201cContamos con el firme compromiso de los representantes de los Municipios y de la empresa privada para lograr de manera conjunta que los residuos s\u00f3lidos tengan una correcta disposici\u00f3n final\u201d, se\u00f1al\u00f3 Mafla.<\/p>\n<p style=\"text-align: justify;\">En este importante encuentro en el que participaron conferencistas de Estados Unidos, Brasil, Colombia y Alemania, los t\u00e9cnicos del Ministerio del Ambiente desarrollaron temas como: Gesti\u00f3n Integral de los Residuos S\u00f3lidos en el Ecuador, Proyecto Socio Reciclador, Problem\u00e1tica Ambiental de las Fundas Pl\u00e1sticas tipo camiseta, Principio de Responsabilidad Extendida del Productor y Reglamento Interministerial para la Gesti\u00f3n Integral de Desechos Sanitarios. Adem\u00e1s, el Ministerio del Ambiente cont\u00f3 con un stand activo durante los tres d\u00edas que dur\u00f3 el Congreso y en el cual los participantes despejaron sus dudas acerca de varias tem\u00e1ticas ambientales del pa\u00eds.<\/p>\n<p style=\"text-align: justify;\">Finalmente, M\u00f3nica Melo, Gerenta de la Empresa P\u00fablica Municipal de Aseo de Rumi\u00f1ahui, felicit\u00f3 la participaci\u00f3n del Ministerio del Ambiente e invit\u00f3 a los participantes a aplicar en su cotidianidad lo aprendido en el Congreso de Residuos S\u00f3lidos.<\/p>\n<p><strong>Direcci\u00f3n de Comunicaci\u00f3n<\/strong><\/p>\n<p><strong>Ministerio del Ambiente<\/strong><\/p>\n<p>&nbsp;<\/p>\n<p>&nbsp;<\/p>\n","protected":false},"excerpt":{"rendered":"<p class=\"excerpt\">Quito, 4 de septiembre del 2015 Expertos de varios pa\u00edses del mundo llegaron a Ecuador para brindar capacitaci\u00f3n en gesti\u00f3n integral de residuos s\u00f3lidos. Francisco Mafla, Gerente Subrrogante del Programa Nacional para la Gesti\u00f3n Integral de Desechos S\u00f3lidos del Ministerio del Ambiente (MAE-PNGIDS), clausur\u00f3 el Congreso Internacional de Manejo de Residuos S\u00f3lidos y Responsabilidad Social Empresarial organizado por el Municipio&hellip; <a href=\"https:\/\/www.ambienteyenergia.gob.ec\/ambiente\/ministerio-de-ambiente-y-municipio-de-ruminahui-capacitan-en-manejo-de-residuos\/\">Read more &rarr;<\/a><\/p>\n","protected":false},"author":13,"featured_media":26240,"comment_status":"open","ping_status":"open","sticky":false,"template":"","format":"standard","meta":{"footnotes":""},"categories":[16,4],"tags":[],"class_list":["post-26239","post","type-post","status-publish","format-standard","has-post-thumbnail","hentry","category-comunicamos","category-noticias","xfolkentry"],"_links":{"self":[{"href":"https:\/\/www.ambienteyenergia.gob.ec\/ambiente\/wp-json\/wp\/v2\/posts\/26239","targetHints":{"allow":["GET"]}}],"collection":[{"href":"https:\/\/www.ambienteyenergia.gob.ec\/ambiente\/wp-json\/wp\/v2\/posts"}],"about":[{"href":"https:\/\/www.ambienteyenergia.gob.ec\/ambiente\/wp-json\/wp\/v2\/types\/post"}],"author":[{"embeddable":true,"href":"https:\/\/www.ambienteyenergia.gob.ec\/ambiente\/wp-json\/wp\/v2\/users\/13"}],"replies":[{"embeddable":true,"href":"https:\/\/www.ambienteyenergia.gob.ec\/ambiente\/wp-json\/wp\/v2\/comments?post=26239"}],"version-history":[{"count":0,"href":"https:\/\/www.ambienteyenergia.gob.ec\/ambiente\/wp-json\/wp\/v2\/posts\/26239\/revisions"}],"wp:featuredmedia":[{"embeddable":true,"href":"https:\/\/www.ambienteyenergia.gob.ec\/ambiente\/wp-json\/wp\/v2\/media\/26240"}],"wp:attachment":[{"href":"https:\/\/www.ambienteyenergia.gob.ec\/ambiente\/wp-json\/wp\/v2\/media?parent=26239"}],"wp:term":[{"taxonomy":"category","embeddable":true,"href":"https:\/\/www.ambienteyenergia.gob.ec\/ambiente\/wp-json\/wp\/v2\/categories?post=26239"},{"taxonomy":"post_tag","embeddable":true,"href":"https:\/\/www.ambienteyenergia.gob.ec\/ambiente\/wp-json\/wp\/v2\/tags?post=26239"}],"curies":[{"name":"wp","href":"https:\/\/api.w.org\/{rel}","templated":true}]}}