{"id":26232,"date":"2015-09-04T10:37:49","date_gmt":"2015-09-04T15:37:49","guid":{"rendered":"http:\/\/www.ambiente.gob.ec\/?p=26232"},"modified":"2015-09-04T10:37:49","modified_gmt":"2015-09-04T15:37:49","slug":"uicn-propone-trabajo-conjunto-para-salvar-el-planeta","status":"publish","type":"post","link":"https:\/\/www.ambienteyenergia.gob.ec\/ambiente\/uicn-propone-trabajo-conjunto-para-salvar-el-planeta\/","title":{"rendered":"UICN propone trabajo conjunto para salvar el planeta"},"content":{"rendered":"<p style=\"text-align: right;\"><strong>Quito, 3 de septiembre del 2015<\/strong><\/p>\n<ul>\n<li style=\"text-align: justify;\">Organizaciones internacionales resaltan progreso de pa\u00edses de Am\u00e9rica Latina, entre ellos Ecuador, en temas de conservaci\u00f3n.<\/li>\n<li style=\"text-align: justify;\">La UICN propone el aprovechamiento cient\u00edfico para dar un uso sustentable a la l\u00ednea de investigaci\u00f3n del Instituto.<\/li>\n<\/ul>\n<p style=\"text-align: justify;\">Proveer de informaci\u00f3n del conocimiento cient\u00edfico al Ministerio del Ambiente (MAE), para la toma de decisiones fue uno de los temas que se trat\u00f3 en el Coloquio sobre naturaleza, conservaci\u00f3n y desarrollo sostenible. Este evento se desarroll\u00f3 en el marco del II Foro Sudamericano de la Uni\u00f3n Internacional para la conservaci\u00f3n de la naturaleza (UICN).<\/p>\n<p style=\"text-align: justify;\">Fernando Rodr\u00edguez, director ejecutivo del Instituto Nacional de Biodiversidad, defini\u00f3 a la instituci\u00f3n como un ente estrat\u00e9gico en la gesti\u00f3n de recursos naturales enfocados en el cambio de la matriz productiva. Para esto, entre sus objetivos est\u00e1 el profundizar el conocimiento sobre biodiversidad e investigar sus potenciales usos.<\/p>\n<p style=\"text-align: justify;\">El instituto naci\u00f3 con el Museo de Ciencias Naturales y el Herbario Nacional, por este motivo cuentan con alianzas estrat\u00e9gicas con Gobiernos Aut\u00f3nomos Descentralizados, ONG\u00b4s, y el sector privado que podr\u00eda tener inter\u00e9s en la investigaci\u00f3n en biodiversidad para provocar inversi\u00f3n en beneficio com\u00fan.<\/p>\n<p style=\"text-align: justify;\">Inger Andersen y Xinsheng Zhang, directora general y presidente mundial de la UICN, mantuvieron una reuni\u00f3n con la Ministra del Ambiente Lorena Tapia para intercambiar experiencias y coincidieron en decir que todas las personas deben trabajar juntas para salvar el planeta para las futuras generaciones.<\/p>\n<p style=\"text-align: justify;\">Andersen resalt\u00f3 el progreso de Latinoam\u00e9rica en Pol\u00edtica Ambiental en el que nuestro pa\u00eds ha tenido una participaci\u00f3n importante y de liderazgo en varias tem\u00e1ticas por lo que agradeci\u00f3 a Ecuador por poner est\u00e1ndares tan altos ya que es un ejemplo para otros pa\u00edses del mundo.<\/p>\n<p style=\"text-align: justify;\">Por su parte, Nadia Ru\u00edz en representaci\u00f3n del Canciller Xavier Lasso, indic\u00f3 que el Gobierno Nacional cuenta con compromisos y pol\u00edticas claras. A\u00f1adi\u00f3 que se busca un cambio en los paradigmas de consumo para alcanzar el desarrollo sostenible en armon\u00eda con la naturaleza.<\/p>\n<p><strong>Direcci\u00f3n de Comunicaci\u00f3n<\/strong><\/p>\n<p><strong>Ministerio del Ambiente<\/strong><\/p>\n","protected":false},"excerpt":{"rendered":"<p class=\"excerpt\">Quito, 3 de septiembre del 2015 Organizaciones internacionales resaltan progreso de pa\u00edses de Am\u00e9rica Latina, entre ellos Ecuador, en temas de conservaci\u00f3n. La UICN propone el aprovechamiento cient\u00edfico para dar un uso sustentable a la l\u00ednea de investigaci\u00f3n del Instituto. Proveer de informaci\u00f3n del conocimiento cient\u00edfico al Ministerio del Ambiente (MAE), para la toma de decisiones fue uno de los&hellip; <a href=\"https:\/\/www.ambienteyenergia.gob.ec\/ambiente\/uicn-propone-trabajo-conjunto-para-salvar-el-planeta\/\">Read more &rarr;<\/a><\/p>\n","protected":false},"author":13,"featured_media":26233,"comment_status":"open","ping_status":"open","sticky":false,"template":"","format":"standard","meta":{"footnotes":""},"categories":[16,4],"tags":[],"class_list":["post-26232","post","type-post","status-publish","format-standard","has-post-thumbnail","hentry","category-comunicamos","category-noticias","xfolkentry"],"_links":{"self":[{"href":"https:\/\/www.ambienteyenergia.gob.ec\/ambiente\/wp-json\/wp\/v2\/posts\/26232","targetHints":{"allow":["GET"]}}],"collection":[{"href":"https:\/\/www.ambienteyenergia.gob.ec\/ambiente\/wp-json\/wp\/v2\/posts"}],"about":[{"href":"https:\/\/www.ambienteyenergia.gob.ec\/ambiente\/wp-json\/wp\/v2\/types\/post"}],"author":[{"embeddable":true,"href":"https:\/\/www.ambienteyenergia.gob.ec\/ambiente\/wp-json\/wp\/v2\/users\/13"}],"replies":[{"embeddable":true,"href":"https:\/\/www.ambienteyenergia.gob.ec\/ambiente\/wp-json\/wp\/v2\/comments?post=26232"}],"version-history":[{"count":0,"href":"https:\/\/www.ambienteyenergia.gob.ec\/ambiente\/wp-json\/wp\/v2\/posts\/26232\/revisions"}],"wp:featuredmedia":[{"embeddable":true,"href":"https:\/\/www.ambienteyenergia.gob.ec\/ambiente\/wp-json\/wp\/v2\/media\/26233"}],"wp:attachment":[{"href":"https:\/\/www.ambienteyenergia.gob.ec\/ambiente\/wp-json\/wp\/v2\/media?parent=26232"}],"wp:term":[{"taxonomy":"category","embeddable":true,"href":"https:\/\/www.ambienteyenergia.gob.ec\/ambiente\/wp-json\/wp\/v2\/categories?post=26232"},{"taxonomy":"post_tag","embeddable":true,"href":"https:\/\/www.ambienteyenergia.gob.ec\/ambiente\/wp-json\/wp\/v2\/tags?post=26232"}],"curies":[{"name":"wp","href":"https:\/\/api.w.org\/{rel}","templated":true}]}}