{"id":26226,"date":"2015-09-03T09:22:25","date_gmt":"2015-09-03T14:22:25","guid":{"rendered":"http:\/\/www.ambiente.gob.ec\/?p=26226"},"modified":"2015-09-03T10:27:30","modified_gmt":"2015-09-03T15:27:30","slug":"ballena-muerta-en-muisne-estaba-enredada-en-mallas-de-pesca","status":"publish","type":"post","link":"https:\/\/www.ambienteyenergia.gob.ec\/ambiente\/ballena-muerta-en-muisne-estaba-enredada-en-mallas-de-pesca\/","title":{"rendered":"Ballena muerta en Muisne estaba enredada en mallas de pesca"},"content":{"rendered":"<p style=\"text-align: right;\"><strong>Quito, 2 de septiembre de 2015<\/strong><\/p>\n<ul>\n<li style=\"text-align: justify;\">Las investigaciones en torno a la muerte de una ballena que apareci\u00f3 en Muisne el fin de semana anterior avanzan.<\/li>\n<li style=\"text-align: justify;\">Los registros fotogr\u00e1ficos muestran que el cet\u00e1ceo qued\u00f3 enredado en redes de pesca y no se hall\u00f3 indicios de crudo en su cuerpo.<\/li>\n<\/ul>\n<p style=\"text-align: justify;\">Las fotograf\u00edas levantadas durante el procedimiento de recuperaci\u00f3n del cuerpo de la ballena que apareci\u00f3 muerta en la playa de Muisne el lunes 31 de septiembre a las 7 am y que posteriormente fue arrastrada por la marea aguas afuera, muestran que el cet\u00e1ceo se hab\u00eda enredado en mallas de pesca, lo que pudo ocasionar su muerte.<\/p>\n<p style=\"text-align: justify;\">El informe de los t\u00e9cnicos ambientalistas dan cuentan de que hist\u00f3ricamente estos animales marinos de grandes dimensiones pasan por las costas Ecuatorianas desde de junio hasta septiembre, de todos los a\u00f1os para aparearse. Como muchas otras especies (tortugas, delfines, Mantarrayas, Tiburones, etc.),las ballenas son v\u00edctimas de la pesca incidental por lo que llegan continuamente (en su mayor parte tortugas), a morir a las costas de esmeraldas.<\/p>\n<p style=\"text-align: justify;\">En muchos de los casos los animales son golpeadas por los pescadores industrializados, quedan atrapadas en sus redes o reciben emisiones de sonidos demasiado fuertes para sus sensibles aparatos auditivos por lo que quedan desorientadas o indefensas y son arrastradas por las corrientes marinas hacia las playas.<\/p>\n<p style=\"text-align: justify;\">Los animales quedan varados, el agua ya no les ayuda a soportar su peso, las rocas y el fuerte oleaje pueden herirlos o la arena tapar sus espir\u00e1culos; el sol les quema y esto obviamente puede causar su muerte.<\/p>\n<p style=\"text-align: justify;\">Para poder definir la causa de muerte de un animal marino es necesario seguir un protocolo para determinar lo que realmente pas\u00f3 con el animal. En el caso de la ballena de ocho metros muerta en Muisne, a\u00fan no se ha definido cu\u00e1l fue la causa de esa muerte (se presume que ocurri\u00f3 cuando el animal qued\u00f3 atrapado en redes), y se descarta que haya ocurrido por alguna contaminaci\u00f3n por crudo pues no se hall\u00f3 ning\u00fan indicio de este material en el cuerpo.<\/p>\n<p style=\"text-align: justify;\">Los t\u00e9cnicos del MAE en coordinaci\u00f3n con la Marina y el GAD Muisne movilizaron todos los recursos necesarios para trasladarse a Portete por v\u00eda fluvial y recuperar al esp\u00e9cimen que ya estaba muerto, la llevaron hasta Playa Negra y all\u00ed se procedi\u00f3 a enterrarla con los procedimientos t\u00e9cnicos definidos para estos casos.<\/p>\n<p><strong>Direcci\u00f3n de Comunicaci\u00f3n<\/strong><\/p>\n<p><strong>Ministerio del Ambiente<\/strong><\/p>\n","protected":false},"excerpt":{"rendered":"<p class=\"excerpt\">Quito, 2 de septiembre de 2015 Las investigaciones en torno a la muerte de una ballena que apareci\u00f3 en Muisne el fin de semana anterior avanzan. Los registros fotogr\u00e1ficos muestran que el cet\u00e1ceo qued\u00f3 enredado en redes de pesca y no se hall\u00f3 indicios de crudo en su cuerpo. Las fotograf\u00edas levantadas durante el procedimiento de recuperaci\u00f3n del cuerpo de&hellip; <a href=\"https:\/\/www.ambienteyenergia.gob.ec\/ambiente\/ballena-muerta-en-muisne-estaba-enredada-en-mallas-de-pesca\/\">Read more &rarr;<\/a><\/p>\n","protected":false},"author":13,"featured_media":26227,"comment_status":"open","ping_status":"open","sticky":false,"template":"","format":"standard","meta":{"footnotes":""},"categories":[16,4],"tags":[],"class_list":["post-26226","post","type-post","status-publish","format-standard","has-post-thumbnail","hentry","category-comunicamos","category-noticias","xfolkentry"],"_links":{"self":[{"href":"https:\/\/www.ambienteyenergia.gob.ec\/ambiente\/wp-json\/wp\/v2\/posts\/26226","targetHints":{"allow":["GET"]}}],"collection":[{"href":"https:\/\/www.ambienteyenergia.gob.ec\/ambiente\/wp-json\/wp\/v2\/posts"}],"about":[{"href":"https:\/\/www.ambienteyenergia.gob.ec\/ambiente\/wp-json\/wp\/v2\/types\/post"}],"author":[{"embeddable":true,"href":"https:\/\/www.ambienteyenergia.gob.ec\/ambiente\/wp-json\/wp\/v2\/users\/13"}],"replies":[{"embeddable":true,"href":"https:\/\/www.ambienteyenergia.gob.ec\/ambiente\/wp-json\/wp\/v2\/comments?post=26226"}],"version-history":[{"count":0,"href":"https:\/\/www.ambienteyenergia.gob.ec\/ambiente\/wp-json\/wp\/v2\/posts\/26226\/revisions"}],"wp:featuredmedia":[{"embeddable":true,"href":"https:\/\/www.ambienteyenergia.gob.ec\/ambiente\/wp-json\/wp\/v2\/media\/26227"}],"wp:attachment":[{"href":"https:\/\/www.ambienteyenergia.gob.ec\/ambiente\/wp-json\/wp\/v2\/media?parent=26226"}],"wp:term":[{"taxonomy":"category","embeddable":true,"href":"https:\/\/www.ambienteyenergia.gob.ec\/ambiente\/wp-json\/wp\/v2\/categories?post=26226"},{"taxonomy":"post_tag","embeddable":true,"href":"https:\/\/www.ambienteyenergia.gob.ec\/ambiente\/wp-json\/wp\/v2\/tags?post=26226"}],"curies":[{"name":"wp","href":"https:\/\/api.w.org\/{rel}","templated":true}]}}