{"id":26212,"date":"2015-09-02T13:33:31","date_gmt":"2015-09-02T18:33:31","guid":{"rendered":"http:\/\/www.ambiente.gob.ec\/?p=26212"},"modified":"2015-09-03T11:51:31","modified_gmt":"2015-09-03T16:51:31","slug":"ministra-lorena-tapia-comparte-experiencias-con-guayaquilenos","status":"publish","type":"post","link":"https:\/\/www.ambienteyenergia.gob.ec\/ambiente\/ministra-lorena-tapia-comparte-experiencias-con-guayaquilenos\/","title":{"rendered":"Ministra Lorena Tapia comparte experiencias con guayaquile\u00f1os"},"content":{"rendered":"<ul>\n<li>Con una masiva asistencia, en la mesa del Ambiente, se llev\u00f3 a cabo el Di\u00e1logo por la Justicia y Equidad Social en Guayas.<\/li>\n<li>La m\u00e1xima autoridad ambiental dio a conocer resultados y retos de esa cartera de Estado e invit\u00f3 a los ciudadanos a construir juntos un Ecuador Verde.<\/li>\n<\/ul>\n<p style=\"text-align: justify;\">Las Pol\u00edticas P\u00fablicas y las Leyes ambientales se construyen o se mejoran conjuntamente con la ciudadan\u00eda. Ese es el principio bajo el cual se desarrollan en todo el territorio nacional los di\u00e1logos que ha emprendido el Gobierno Nacional conjuntamente con la Asamblea y la Secretar\u00eda Nacional de Planificaci\u00f3n y Desarrollo (Senplades).<\/p>\n<p style=\"text-align: justify;\">En esta ocasi\u00f3n la jornada se desarroll\u00f3 en Fedenador, en la provincia del Guayas, con la participaci\u00f3n de ciudadanos de todos los cantones y sectores interesados en distintas tem\u00e1ticas entre las que se ubic\u00f3 la del Ambiente en la mesa n\u00famero 2 de 8 en total.<\/p>\n<p style=\"text-align: justify;\">Previo a la socializaci\u00f3n de temas se dio una plenaria en el sal\u00f3n auditorio en la que se explic\u00f3 a los cientos de participantes cu\u00e1les son los objetivos de estos di\u00e1logos, se les imparti\u00f3 la modalidad de participaci\u00f3n y cada uno se inscribi\u00f3 en la mesa que era de su inter\u00e9s.<\/p>\n<p style=\"text-align: justify;\">Posteriormente, ya en la mesa del Ambiente, la Ministra Lorena Tapia realiz\u00f3 una exposici\u00f3n en la que dio a conocer los resultados logrados hasta el momento en la materia de sus competencias y adem\u00e1s comparti\u00f3 los retos que como cartera de Estado se ha planteado.<\/p>\n<p style=\"text-align: justify;\">Invit\u00f3 adem\u00e1s a los ciudadanos a ser una parte activa de la construcci\u00f3n del pa\u00eds verde que todos deseamos y puntualiz\u00f3 los hitos en los que se ha trabajado desde esta Cartera de Estado.<\/p>\n<p style=\"text-align: justify;\">Los participantes realizaron un debate abierto junto a la Ministra, personeros del Ministerio del Ambiente y asamble\u00edstas, con el objetivo de plantear mejoramientos, implementaci\u00f3n o cambios de Pol\u00edticas P\u00fablicas o Leyes espec\u00edficas con el fin de atender a sus necesidades o requerimientos.<\/p>\n<p style=\"text-align: justify;\">Lorena Tapia agradeci\u00f3 los aportes de cada uno de los ciudadanos, quienes recogieron los pedidos de manera escrita y la expusieron ante todos los asistentes, y les pidi\u00f3 ser parte activa de los cambios a trav\u00e9s de su participaci\u00f3n en veedur\u00edas ciudadanas, denuncias al 1800 ambiente y sobre todo siendo copart\u00edcipes de pr\u00e1cticas responsables que contribuyan con el cuidado y preservaci\u00f3n del ambiente.<\/p>\n","protected":false},"excerpt":{"rendered":"<p class=\"excerpt\">Con una masiva asistencia, en la mesa del Ambiente, se llev\u00f3 a cabo el Di\u00e1logo por la Justicia y Equidad Social en Guayas. La m\u00e1xima autoridad ambiental dio a conocer resultados y retos de esa cartera de Estado e invit\u00f3 a los ciudadanos a construir juntos un Ecuador Verde. Las Pol\u00edticas P\u00fablicas y las Leyes ambientales se construyen o se&hellip; <a href=\"https:\/\/www.ambienteyenergia.gob.ec\/ambiente\/ministra-lorena-tapia-comparte-experiencias-con-guayaquilenos\/\">Read more &rarr;<\/a><\/p>\n","protected":false},"author":13,"featured_media":26215,"comment_status":"open","ping_status":"open","sticky":false,"template":"","format":"standard","meta":{"footnotes":""},"categories":[16,4],"tags":[51,48,68,108,387,54],"class_list":["post-26212","post","type-post","status-publish","format-standard","has-post-thumbnail","hentry","category-comunicamos","category-noticias","tag-ambiente","tag-ecuador","tag-guayaquil","tag-lorena-tapia","tag-mae-lorena-tapia","tag-ministerio-del-ambiente","xfolkentry"],"_links":{"self":[{"href":"https:\/\/www.ambienteyenergia.gob.ec\/ambiente\/wp-json\/wp\/v2\/posts\/26212","targetHints":{"allow":["GET"]}}],"collection":[{"href":"https:\/\/www.ambienteyenergia.gob.ec\/ambiente\/wp-json\/wp\/v2\/posts"}],"about":[{"href":"https:\/\/www.ambienteyenergia.gob.ec\/ambiente\/wp-json\/wp\/v2\/types\/post"}],"author":[{"embeddable":true,"href":"https:\/\/www.ambienteyenergia.gob.ec\/ambiente\/wp-json\/wp\/v2\/users\/13"}],"replies":[{"embeddable":true,"href":"https:\/\/www.ambienteyenergia.gob.ec\/ambiente\/wp-json\/wp\/v2\/comments?post=26212"}],"version-history":[{"count":0,"href":"https:\/\/www.ambienteyenergia.gob.ec\/ambiente\/wp-json\/wp\/v2\/posts\/26212\/revisions"}],"wp:featuredmedia":[{"embeddable":true,"href":"https:\/\/www.ambienteyenergia.gob.ec\/ambiente\/wp-json\/wp\/v2\/media\/26215"}],"wp:attachment":[{"href":"https:\/\/www.ambienteyenergia.gob.ec\/ambiente\/wp-json\/wp\/v2\/media?parent=26212"}],"wp:term":[{"taxonomy":"category","embeddable":true,"href":"https:\/\/www.ambienteyenergia.gob.ec\/ambiente\/wp-json\/wp\/v2\/categories?post=26212"},{"taxonomy":"post_tag","embeddable":true,"href":"https:\/\/www.ambienteyenergia.gob.ec\/ambiente\/wp-json\/wp\/v2\/tags?post=26212"}],"curies":[{"name":"wp","href":"https:\/\/api.w.org\/{rel}","templated":true}]}}