{"id":26203,"date":"2015-09-01T18:07:59","date_gmt":"2015-09-01T23:07:59","guid":{"rendered":"http:\/\/www.ambiente.gob.ec\/?p=26203"},"modified":"2015-09-01T18:07:59","modified_gmt":"2015-09-01T23:07:59","slug":"mas-personas-seran-capaces-de-elaborar-los-reportes-nacionales-sobre-desertificacion","status":"publish","type":"post","link":"https:\/\/www.ambienteyenergia.gob.ec\/ambiente\/mas-personas-seran-capaces-de-elaborar-los-reportes-nacionales-sobre-desertificacion\/","title":{"rendered":"M\u00e1s personas ser\u00e1n capaces de elaborar los reportes nacionales sobre desertificaci\u00f3n"},"content":{"rendered":"<ul>\n<li>Ecuador es un pa\u00eds megadiverso, rico en ecosistemas en todas las regiones del pa\u00eds, y variedad agro productiva, los cuales han estado sujetos a presiones econ\u00f3micas que ha ocasionado grandes problemas relacionados con la degradaci\u00f3n de la tierra, la desertificaci\u00f3n, y acrecentados por los efectos de la sequ\u00eda.<\/li>\n<li>Se estima que alrededor del 47% del territorio nacional presenta problemas de degradaci\u00f3n de la tierra debido a causas provenientes de las actividades humanas y naturales.<\/li>\n<\/ul>\n<p>La Convenci\u00f3n de las Naciones Unidas de lucha contra la Desertificaci\u00f3n (CNULD), y la comunidad internacional han reconocido a la desertificaci\u00f3n, la degradaci\u00f3n de la tierra y la sequ\u00eda como graves problemas que trascienden las fronteras de los pa\u00edses y cuyos efectos inciden en todas las regiones del mundo.<\/p>\n<p>A fin de poder reportar informaci\u00f3n, y monitorear el estado de las acciones y proyectos que el Ecuador realiza en materia de prevenci\u00f3n de los efectos adversos de la degradaci\u00f3n de la tierra, la desertificaci\u00f3n y mitigaci\u00f3n de la sequ\u00eda, se realiz\u00f3 un taller de capacitaci\u00f3n para los funcionarios del Ministerio de Ambiente de Ecuador (MAE).<\/p>\n<p>Los t\u00e9cnicos conocieron metodolog\u00edas, herramientas y procedimientos usados en la preparaci\u00f3n del VII Reporte Nacional de Desertificaci\u00f3n y VI Reporte de Buenas Pr\u00e1cticas para el Manejo Sostenible de la Tierra. Este documento constituye un instrumento de informaci\u00f3n, que respalda el compromiso y la inversi\u00f3n que el Ecuador realiza con respecto a la lucha contra la Desertificaci\u00f3n, Degradaci\u00f3n de la Tierra y Mitigaci\u00f3n de la Sequ\u00eda (DDTS) y la generaci\u00f3n e implementaci\u00f3n de pr\u00e1cticas de manejo sostenible de la Tierra (MST). Estos reportes deben incorporarse a la plataforma performance review and assessment of implementation system (PRAIS) de la CNULD.<\/p>\n<p>Este taller se desarroll\u00f3 en el marco del proyecto Plan Nacional de lucha contra la Desertificaci\u00f3n (PAND) que apoya al pa\u00eds en la incorporaci\u00f3n de \u00e9ste a la Estrategia Decenal de la Convenci\u00f3n. La capacitaci\u00f3n fue financiada parcialmente por el Fondo Ambiental Global, administrado por el Programa de las Naciones Unidas para el Desarrollo (PNUD), y el Proyecto GIDDACC del MAE.<\/p>\n<p>Angel Valverde, Subsecretario de Cambio Clim\u00e1tico, enfatiz\u00f3 la importancia de este tipo de eventos para fortalecer las capacidades del personal de la Subsecretar\u00eda y del Ministerio en general, para que exista personal preparado en la elaboraci\u00f3n de los futuros Reportes Nacionales.<\/p>\n<p>La capacitaci\u00f3n tuvo como elementos b\u00e1sicos una introducci\u00f3n a la estructura del Reporte Nacional, los avances que hasta el momento se ha realizado en el actual reporte, y los protocolos de levantamiento, reporte y monitoreo de informaci\u00f3n requeridos. El taller tambi\u00e9n trat\u00f3 sobre herramientas para levantamiento, sistematizaci\u00f3n y administraci\u00f3n del conocimiento de informaci\u00f3n.<\/p>\n","protected":false},"excerpt":{"rendered":"<p class=\"excerpt\">Ecuador es un pa\u00eds megadiverso, rico en ecosistemas en todas las regiones del pa\u00eds, y variedad agro productiva, los cuales han estado sujetos a presiones econ\u00f3micas que ha ocasionado grandes problemas relacionados con la degradaci\u00f3n de la tierra, la desertificaci\u00f3n, y acrecentados por los efectos de la sequ\u00eda. Se estima que alrededor del 47% del territorio nacional presenta problemas de&hellip; <a href=\"https:\/\/www.ambienteyenergia.gob.ec\/ambiente\/mas-personas-seran-capaces-de-elaborar-los-reportes-nacionales-sobre-desertificacion\/\">Read more &rarr;<\/a><\/p>\n","protected":false},"author":13,"featured_media":26205,"comment_status":"open","ping_status":"open","sticky":false,"template":"","format":"standard","meta":{"footnotes":""},"categories":[16,4],"tags":[133,108,53],"class_list":["post-26203","post","type-post","status-publish","format-standard","has-post-thumbnail","hentry","category-comunicamos","category-noticias","tag-cambio-climatico","tag-lorena-tapia","tag-mae","xfolkentry"],"_links":{"self":[{"href":"https:\/\/www.ambienteyenergia.gob.ec\/ambiente\/wp-json\/wp\/v2\/posts\/26203","targetHints":{"allow":["GET"]}}],"collection":[{"href":"https:\/\/www.ambienteyenergia.gob.ec\/ambiente\/wp-json\/wp\/v2\/posts"}],"about":[{"href":"https:\/\/www.ambienteyenergia.gob.ec\/ambiente\/wp-json\/wp\/v2\/types\/post"}],"author":[{"embeddable":true,"href":"https:\/\/www.ambienteyenergia.gob.ec\/ambiente\/wp-json\/wp\/v2\/users\/13"}],"replies":[{"embeddable":true,"href":"https:\/\/www.ambienteyenergia.gob.ec\/ambiente\/wp-json\/wp\/v2\/comments?post=26203"}],"version-history":[{"count":0,"href":"https:\/\/www.ambienteyenergia.gob.ec\/ambiente\/wp-json\/wp\/v2\/posts\/26203\/revisions"}],"wp:featuredmedia":[{"embeddable":true,"href":"https:\/\/www.ambienteyenergia.gob.ec\/ambiente\/wp-json\/wp\/v2\/media\/26205"}],"wp:attachment":[{"href":"https:\/\/www.ambienteyenergia.gob.ec\/ambiente\/wp-json\/wp\/v2\/media?parent=26203"}],"wp:term":[{"taxonomy":"category","embeddable":true,"href":"https:\/\/www.ambienteyenergia.gob.ec\/ambiente\/wp-json\/wp\/v2\/categories?post=26203"},{"taxonomy":"post_tag","embeddable":true,"href":"https:\/\/www.ambienteyenergia.gob.ec\/ambiente\/wp-json\/wp\/v2\/tags?post=26203"}],"curies":[{"name":"wp","href":"https:\/\/api.w.org\/{rel}","templated":true}]}}