{"id":26200,"date":"2015-09-01T12:33:04","date_gmt":"2015-09-01T17:33:04","guid":{"rendered":"http:\/\/www.ambiente.gob.ec\/?p=26200"},"modified":"2015-09-01T12:33:04","modified_gmt":"2015-09-01T17:33:04","slug":"pobladores-de-isla-floreana-administraran-area-protegida","status":"publish","type":"post","link":"https:\/\/www.ambienteyenergia.gob.ec\/ambiente\/pobladores-de-isla-floreana-administraran-area-protegida\/","title":{"rendered":"Pobladores de Isla Floreana administrar\u00e1n \u00e1rea protegida"},"content":{"rendered":"<ul>\n<li style=\"text-align: justify;\">Mediante la firma de un convenio de cogesti\u00f3n el Centro Comunitario de esa Isla administrar\u00e1 el \u00e1rea protegida junto con la Direcci\u00f3n del Parque Nacional Gal\u00e1pagos (DPNG).<\/li>\n<li style=\"text-align: justify;\">Los recursos obtenidos ir\u00e1n a un fondo com\u00fan que se reinvertir\u00e1n en el sector en donde se desarrolla este proyecto hist\u00f3rico, pues es la primera ocasi\u00f3n en que los pobladores se involucran en la administraci\u00f3n de este recurso natural.<\/li>\n<\/ul>\n<p style=\"text-align: justify;\">La poblaci\u00f3n de la parroquia Santa Mar\u00eda, de la isla Floreana, organizada a trav\u00e9s del Centro Comunitario, se convirti\u00f3 en el primer grupo particular que cogestiona \u00e1reas naturales protegidas del archipi\u00e9lago de Gal\u00e1pagos, gracias a la firma de un convenio que le permite la administraci\u00f3n coordinada de las \u00e1reas de uso p\u00fablico del norte de la isla.<\/p>\n<p style=\"text-align: justify;\">La firma de este convenio se da en el marco del Acuerdo Ministerial 054 de 12 de marzo 2015, en el que la Ministra del Ambiente, Lorena Tapia, emite criterios de manejo para la operaci\u00f3n tur\u00edstica en las \u00e1reas protegidas de Gal\u00e1pagos. Esta resoluci\u00f3n, establece que se aplicar\u00e1 un modelo de desarrollo ecotur\u00edstico de gesti\u00f3n local en la Comunidad de la Parroquia Floreana, Cant\u00f3n San Crist\u00f3bal, de la Provincia de Gal\u00e1pagos, por lo que la Direcci\u00f3n del Parque Nacional Gal\u00e1pagos autorizar\u00e1 mediante resoluci\u00f3n el procedimiento para la entrega de Autorizaciones de Operaci\u00f3n Tur\u00edstica Accesoria al Centro Comunitario de Floreana.<\/p>\n<p style=\"text-align: justify;\">Desde hace varios a\u00f1os, la autoridad ambiental nacional representada por la Direcci\u00f3n del Parque Nacional Gal\u00e1pagos ha venido trabajando con el Centro Comunitario Floreana (Cecflor), para capacitar a sus miembros como administradores de las \u00e1reas protegidas del norte de la isla, en forma conjunta con la DPNG; atendiendo lo que establece el Plan de Manejo de las \u00c1reas Protegidas de Gal\u00e1pagos para el Buen Vivir, que en uno de sus programas fomenta la cooperaci\u00f3n y gesti\u00f3n de la comunidad galapague\u00f1a en la conservaci\u00f3n, manejo del uso p\u00fablico y desarrollo ecotur\u00edstico de la provincia.<\/p>\n<p style=\"text-align: justify;\">Con el convenio firmado entre Cecflor\u00a0 y la DPNG se busca fomentar el uso racional de los recursos naturales; el desarrollo sustentable con visi\u00f3n social, inclusiva y conservacionista; y, obtener servicios tur\u00edsticos con un alto nivel de calidad en el \u00e1rea norte de la isla Floreana, a trav\u00e9s del proyecto \u201cSendero Ecotur\u00edstico Camino Viejo a Bah\u00eda Correo\u201d.<\/p>\n<p style=\"text-align: justify;\">\u00a0\u201cEs la primera vez que la Autoridad Ambiental en Gal\u00e1pagos (DPNG), firma un convenio de cooperaci\u00f3n en el cual se otorga un espacio del \u00e1rea protegida para la administraci\u00f3n y manejo coordinado con la comunidad local\u201d, dijo Alejandra Ord\u00f3\u00f1ez, directora del Parque Nacional Gal\u00e1pagos.<\/p>\n<p style=\"text-align: justify;\">Este Centro Comunitario est\u00e1 reconocido por el Instituto de Econom\u00eda Popular y Solidaria (IEPS), del Ministerio de Inclusi\u00f3n Econ\u00f3mica y Social. La poblaci\u00f3n de Floreana est\u00e1 compuesta por 148 habitantes, incluyendo ni\u00f1os. Se asienta en la parte norte de la isla, en Puerto Velasco Ibarra.<\/p>\n<p style=\"text-align: justify;\">Los 88 socios del Centro Comunitario Floreana tendr\u00e1n participaci\u00f3n en el proceso de manejo tur\u00edstico que se desarrolle en el norte de la isla, los beneficios producto de esa gesti\u00f3n ser\u00e1n revertidos en un fondo com\u00fan para contribuir con el buen vivir de los habitantes de esta peque\u00f1a localidad.<\/p>\n","protected":false},"excerpt":{"rendered":"<p class=\"excerpt\">Mediante la firma de un convenio de cogesti\u00f3n el Centro Comunitario de esa Isla administrar\u00e1 el \u00e1rea protegida junto con la Direcci\u00f3n del Parque Nacional Gal\u00e1pagos (DPNG). Los recursos obtenidos ir\u00e1n a un fondo com\u00fan que se reinvertir\u00e1n en el sector en donde se desarrolla este proyecto hist\u00f3rico, pues es la primera ocasi\u00f3n en que los pobladores se involucran en&hellip; <a href=\"https:\/\/www.ambienteyenergia.gob.ec\/ambiente\/pobladores-de-isla-floreana-administraran-area-protegida\/\">Read more &rarr;<\/a><\/p>\n","protected":false},"author":13,"featured_media":25241,"comment_status":"open","ping_status":"open","sticky":false,"template":"","format":"standard","meta":{"footnotes":""},"categories":[16,4],"tags":[],"class_list":["post-26200","post","type-post","status-publish","format-standard","has-post-thumbnail","hentry","category-comunicamos","category-noticias","xfolkentry"],"_links":{"self":[{"href":"https:\/\/www.ambienteyenergia.gob.ec\/ambiente\/wp-json\/wp\/v2\/posts\/26200","targetHints":{"allow":["GET"]}}],"collection":[{"href":"https:\/\/www.ambienteyenergia.gob.ec\/ambiente\/wp-json\/wp\/v2\/posts"}],"about":[{"href":"https:\/\/www.ambienteyenergia.gob.ec\/ambiente\/wp-json\/wp\/v2\/types\/post"}],"author":[{"embeddable":true,"href":"https:\/\/www.ambienteyenergia.gob.ec\/ambiente\/wp-json\/wp\/v2\/users\/13"}],"replies":[{"embeddable":true,"href":"https:\/\/www.ambienteyenergia.gob.ec\/ambiente\/wp-json\/wp\/v2\/comments?post=26200"}],"version-history":[{"count":0,"href":"https:\/\/www.ambienteyenergia.gob.ec\/ambiente\/wp-json\/wp\/v2\/posts\/26200\/revisions"}],"wp:featuredmedia":[{"embeddable":true,"href":"https:\/\/www.ambienteyenergia.gob.ec\/ambiente\/wp-json\/wp\/v2\/media\/25241"}],"wp:attachment":[{"href":"https:\/\/www.ambienteyenergia.gob.ec\/ambiente\/wp-json\/wp\/v2\/media?parent=26200"}],"wp:term":[{"taxonomy":"category","embeddable":true,"href":"https:\/\/www.ambienteyenergia.gob.ec\/ambiente\/wp-json\/wp\/v2\/categories?post=26200"},{"taxonomy":"post_tag","embeddable":true,"href":"https:\/\/www.ambienteyenergia.gob.ec\/ambiente\/wp-json\/wp\/v2\/tags?post=26200"}],"curies":[{"name":"wp","href":"https:\/\/api.w.org\/{rel}","templated":true}]}}