{"id":26186,"date":"2015-08-31T15:42:01","date_gmt":"2015-08-31T20:42:01","guid":{"rendered":"http:\/\/www.ambiente.gob.ec\/?p=26186"},"modified":"2015-09-01T12:17:39","modified_gmt":"2015-09-01T17:17:39","slug":"82-toneladas-de-residuos-reciclables-evacuados-de-galapagos","status":"publish","type":"post","link":"https:\/\/www.ambienteyenergia.gob.ec\/ambiente\/82-toneladas-de-residuos-reciclables-evacuados-de-galapagos\/","title":{"rendered":"82 toneladas de residuos reciclables evacuados de Gal\u00e1pagos"},"content":{"rendered":"<p style=\"text-align: right;\">Quito, 31 de agosto de 2015<\/p>\n<ul>\n<li style=\"text-align: justify;\">Material reciclable como cart\u00f3n, papel y pl\u00e1stico salieron de las islas en barco hacia el Continente en donde ingresar\u00e1n a nuevos procesos productivos.<\/li>\n<li style=\"text-align: justify;\">Las 448 pacas fueron recolectados en las islas San Crist\u00f3bal e Isabela<\/li>\n<\/ul>\n<p style=\"text-align: justify;\">Con el objetivo de continuar con los compromisos de conservaci\u00f3n de las Islas Gal\u00e1pagos este fin de semana el Ministerio del Ambiente (MAE), evacu\u00f3 de la zona insular 82 toneladas de residuos s\u00f3lidos que pueden ser usados en nuevos procesos productivos.<\/p>\n<p style=\"text-align: justify;\">Un total de 128 pacas entre cart\u00f3n y pl\u00e1stico (70 toneladas) se retir\u00f3 de San Crist\u00f3bal; de Isabela salieron 320 pacas entre papel, cart\u00f3n y pl\u00e1stico (12 toneladas). Esta evacuaci\u00f3n es parte del convenio Joint Venture conformado por los gestores (Repapers, Cridesa, Novacero y Enkador) y los municipios de Isabela y San Crist\u00f3bal de las Islas Gal\u00e1pagos.<\/p>\n<p style=\"text-align: justify;\">El Ministerio del Ambiente (MAE), a trav\u00e9s de su Programa Nacional para la Gesti\u00f3n Integral de Desechos S\u00f3lidos (PNGIDS) y el Parque Nacional Gal\u00e1pagos (PNG), coordin\u00f3 las acciones t\u00e9cnicas y log\u00edsticas necesarias entre los Municipios de las dos islas y los gestores de los residuos aprovechables para que todo se cumpla de acuerdo a lo planificado.<\/p>\n<p style=\"text-align: justify;\">El material reciclado lleg\u00f3 al puerto de Guayaquil el viernes 28 de agosto y ser\u00e1 incorporado a procesos fruct\u00edferos. El dinero pagado por parte de los gestores a los Municipios ser\u00e1 invertido en trabajos dentro de las Islas involucradas en este proceso.<\/p>\n<p style=\"text-align: justify;\">En noviembre de 2014 se realiz\u00f3 la primera fase de la evacuaci\u00f3n en la que se retir\u00f3 alrededor de 100 toneladas de residuos provenientes de las islas Santa Cruz y San Crist\u00f3bal. Este a\u00f1o se integr\u00f3 al operativo la isla Isabela, ampliando as\u00ed el \u00e1mbito de gesti\u00f3n.<\/p>\n<p style=\"text-align: justify;\">El Ministerio del Ambiente realiza un trabajo sostenido tanto en la coordinaci\u00f3n de los operativos cuanto en la organizaci\u00f3n de capacitaciones dirigidas a operarios de los GAD Municipales con el prop\u00f3sito de fortalecer sus capacidades y conocimientos en manejo de residuos.<\/p>\n<p><strong>\u00a0<\/strong><\/p>\n","protected":false},"excerpt":{"rendered":"<p class=\"excerpt\">Quito, 31 de agosto de 2015 Material reciclable como cart\u00f3n, papel y pl\u00e1stico salieron de las islas en barco hacia el Continente en donde ingresar\u00e1n a nuevos procesos productivos. Las 448 pacas fueron recolectados en las islas San Crist\u00f3bal e Isabela Con el objetivo de continuar con los compromisos de conservaci\u00f3n de las Islas Gal\u00e1pagos este fin de semana el&hellip; <a href=\"https:\/\/www.ambienteyenergia.gob.ec\/ambiente\/82-toneladas-de-residuos-reciclables-evacuados-de-galapagos\/\">Read more &rarr;<\/a><\/p>\n","protected":false},"author":13,"featured_media":26199,"comment_status":"open","ping_status":"open","sticky":false,"template":"","format":"standard","meta":{"footnotes":""},"categories":[16,4],"tags":[],"class_list":["post-26186","post","type-post","status-publish","format-standard","has-post-thumbnail","hentry","category-comunicamos","category-noticias","xfolkentry"],"_links":{"self":[{"href":"https:\/\/www.ambienteyenergia.gob.ec\/ambiente\/wp-json\/wp\/v2\/posts\/26186","targetHints":{"allow":["GET"]}}],"collection":[{"href":"https:\/\/www.ambienteyenergia.gob.ec\/ambiente\/wp-json\/wp\/v2\/posts"}],"about":[{"href":"https:\/\/www.ambienteyenergia.gob.ec\/ambiente\/wp-json\/wp\/v2\/types\/post"}],"author":[{"embeddable":true,"href":"https:\/\/www.ambienteyenergia.gob.ec\/ambiente\/wp-json\/wp\/v2\/users\/13"}],"replies":[{"embeddable":true,"href":"https:\/\/www.ambienteyenergia.gob.ec\/ambiente\/wp-json\/wp\/v2\/comments?post=26186"}],"version-history":[{"count":0,"href":"https:\/\/www.ambienteyenergia.gob.ec\/ambiente\/wp-json\/wp\/v2\/posts\/26186\/revisions"}],"wp:featuredmedia":[{"embeddable":true,"href":"https:\/\/www.ambienteyenergia.gob.ec\/ambiente\/wp-json\/wp\/v2\/media\/26199"}],"wp:attachment":[{"href":"https:\/\/www.ambienteyenergia.gob.ec\/ambiente\/wp-json\/wp\/v2\/media?parent=26186"}],"wp:term":[{"taxonomy":"category","embeddable":true,"href":"https:\/\/www.ambienteyenergia.gob.ec\/ambiente\/wp-json\/wp\/v2\/categories?post=26186"},{"taxonomy":"post_tag","embeddable":true,"href":"https:\/\/www.ambienteyenergia.gob.ec\/ambiente\/wp-json\/wp\/v2\/tags?post=26186"}],"curies":[{"name":"wp","href":"https:\/\/api.w.org\/{rel}","templated":true}]}}